{"id":21069,"date":"2025-09-26T14:30:17","date_gmt":"2025-09-26T12:30:17","guid":{"rendered":"https:\/\/www.lepicerieduphare.fr\/accueil\/?p=21069"},"modified":"2025-09-26T15:06:50","modified_gmt":"2025-09-26T13:06:50","slug":"%f0%9f%8e%84-les-calendriers-de-lavent-sont-de-retour-a-brest-quimper-et-lanester-%f0%9f%8e%84","status":"publish","type":"post","link":"https:\/\/www.lepicerieduphare.fr\/accueil\/%f0%9f%8e%84-les-calendriers-de-lavent-sont-de-retour-a-brest-quimper-et-lanester-%f0%9f%8e%84\/","title":{"rendered":"\ud83c\udf84 Les calendriers de l\u2019Avent sont de retour \u00e0 Brest, Quimper et Lanester ! \ud83c\udf84"},"content":{"rendered":"<p data-start=\"286\" data-end=\"473\">Vous les avez ador\u00e9s et m\u00eame d\u00e9valis\u00e9s l\u2019ann\u00e9e derni\u00e8re \ud83e\udd29 ! Cette ann\u00e9e encore, nos <strong data-start=\"371\" data-end=\"407\">calendriers de l\u2019Avent gourmands<\/strong> n\u2019attendent que vous\u2026 mais attention, les stocks sont limit\u00e9s \u26a1<\/p>\n<p data-start=\"475\" data-end=\"606\">\ud83d\udcc5 Disponibles en boutique d\u00e8s le <strong data-start=\"509\" data-end=\"522\">2 octobre<\/strong>, nos 3 calendriers sont pr\u00eats \u00e0 vous accompagner durant tout le mois de d\u00e9cembre.<\/p>\n<p data-start=\"608\" data-end=\"809\">\u2728 <strong data-start=\"610\" data-end=\"680\">Nouveaut\u00e9 2025 : le calendrier de l\u2019Avent sp\u00e9cial chocolat chaud !<\/strong><br data-start=\"680\" data-end=\"683\" \/>Compos\u00e9 de 24 recettes diff\u00e9rentes, il est id\u00e9al pour un mois de d\u00e9cembre tout doux, au coin du feu \ud83d\udd25 ou devant un film \ud83c\udfa5.<\/p>\n<p data-start=\"811\" data-end=\"922\">Alors, lequel de nos <a href=\"https:\/\/www.lepicerieduphare.fr\/accueil\/produit\/chocolat-brest-idee-cadeaux\/calendrier-de-lavent-2025\/\"><strong data-start=\"832\" data-end=\"885\">calendriers de l\u2019Avent (Brest, Quimper, Lanester)<\/strong><\/a> vous fera craquer cette ann\u00e9e ? \ud83e\udd24<\/p>\n<p data-start=\"924\" data-end=\"1000\">\ud83d\udc49 Rendez-vous vite dans nos boutiques pour \u00eatre s\u00fbr(e) d\u2019avoir le v\u00f4tre !<\/p>\n<p>&nbsp;<\/p>\n<p><img fetchpriority=\"high\" decoding=\"async\" class=\"size-full wp-image-21071\" src=\"https:\/\/www.lepicerieduphare.fr\/wp-content\/uploads\/2025\/09\/552972877_18022442414775838_7514161229870933172_n.jpg\" alt=\"Calendrier de l'Avent bREST QUIMPER LANESTER LORIENT\" width=\"1440\" height=\"1800\" srcset=\"https:\/\/www.lepicerieduphare.fr\/wp-content\/uploads\/2025\/09\/552972877_18022442414775838_7514161229870933172_n.jpg 1440w, https:\/\/www.lepicerieduphare.fr\/wp-content\/uploads\/2025\/09\/552972877_18022442414775838_7514161229870933172_n-240x300.jpg 240w, https:\/\/www.lepicerieduphare.fr\/wp-content\/uploads\/2025\/09\/552972877_18022442414775838_7514161229870933172_n-819x1024.jpg 819w, https:\/\/www.lepicerieduphare.fr\/wp-content\/uploads\/2025\/09\/552972877_18022442414775838_7514161229870933172_n-768x960.jpg 768w, https:\/\/www.lepicerieduphare.fr\/wp-content\/uploads\/2025\/09\/552972877_18022442414775838_7514161229870933172_n-1229x1536.jpg 1229w, https:\/\/www.lepicerieduphare.fr\/wp-content\/uploads\/2025\/09\/552972877_18022442414775838_7514161229870933172_n-600x750.jpg 600w\" sizes=\"(max-width: 1440px) 100vw, 1440px\" \/><\/p>\n<p><img decoding=\"async\" class=\"size-full wp-image-21072\" src=\"https:\/\/www.lepicerieduphare.fr\/wp-content\/uploads\/2025\/09\/553353114_18022442405775838_631781949310769490_n.jpg\" alt=\"Calendrier de l'Avent bREST QUIMPER LANESTER LORIENT\" width=\"1440\" height=\"1800\" srcset=\"https:\/\/www.lepicerieduphare.fr\/wp-content\/uploads\/2025\/09\/553353114_18022442405775838_631781949310769490_n.jpg 1440w, https:\/\/www.lepicerieduphare.fr\/wp-content\/uploads\/2025\/09\/553353114_18022442405775838_631781949310769490_n-240x300.jpg 240w, https:\/\/www.lepicerieduphare.fr\/wp-content\/uploads\/2025\/09\/553353114_18022442405775838_631781949310769490_n-819x1024.jpg 819w, https:\/\/www.lepicerieduphare.fr\/wp-content\/uploads\/2025\/09\/553353114_18022442405775838_631781949310769490_n-768x960.jpg 768w, https:\/\/www.lepicerieduphare.fr\/wp-content\/uploads\/2025\/09\/553353114_18022442405775838_631781949310769490_n-1229x1536.jpg 1229w, https:\/\/www.lepicerieduphare.fr\/wp-content\/uploads\/2025\/09\/553353114_18022442405775838_631781949310769490_n-600x750.jpg 600w\" sizes=\"(max-width: 1440px) 100vw, 1440px\" \/><\/p>\n","protected":false},"excerpt":{"rendered":"<p>D\u00e9couvrez nos calendriers de l\u2019Avent gourmands \u00e0 Brest, Quimper et Lanester \ud83c\udf84 Disponibles d\u00e8s le 2 octobre, dont une nouveaut\u00e9 chocolat chaud \u2615.<\/p>\n","protected":false},"author":1,"featured_media":21070,"comment_status":"closed","ping_status":"closed","sticky":false,"template":"","format":"standard","meta":{"_monsterinsights_skip_tracking":false,"_monsterinsights_sitenote_active":false,"_monsterinsights_sitenote_note":"","_monsterinsights_sitenote_category":0,"_jetpack_memberships_contains_paid_content":false,"footnotes":""},"categories":[236,166,128,109,169,222,223],"tags":[],"class_list":["post-21069","post","type-post","status-publish","format-standard","has-post-thumbnail","hentry","category-calendrier-de-lavant-quimper-lanester-lorient","category-calendrier-de-lavent-brest","category-votre-partenaire-pour-vos-cadeaux-dentreprise-a-brest","category-les-news-du-comptoir-de-mathilde-brest","category-paniers-garnis-brest","category-paniers-garnis-lanester","category-paniers-garnis-quimper"],"jetpack_featured_media_url":"https:\/\/www.lepicerieduphare.fr\/wp-content\/uploads\/2025\/09\/553669037_18022442390775838_1768185249929017473_n-1.jpg","jetpack_sharing_enabled":true,"_links":{"self":[{"href":"https:\/\/www.lepicerieduphare.fr\/accueil\/wp-json\/wp\/v2\/posts\/21069","targetHints":{"allow":["GET"]}}],"collection":[{"href":"https:\/\/www.lepicerieduphare.fr\/accueil\/wp-json\/wp\/v2\/posts"}],"about":[{"href":"https:\/\/www.lepicerieduphare.fr\/accueil\/wp-json\/wp\/v2\/types\/post"}],"author":[{"embeddable":true,"href":"https:\/\/www.lepicerieduphare.fr\/accueil\/wp-json\/wp\/v2\/users\/1"}],"replies":[{"embeddable":true,"href":"https:\/\/www.lepicerieduphare.fr\/accueil\/wp-json\/wp\/v2\/comments?post=21069"}],"version-history":[{"count":6,"href":"https:\/\/www.lepicerieduphare.fr\/accueil\/wp-json\/wp\/v2\/posts\/21069\/revisions"}],"predecessor-version":[{"id":21080,"href":"https:\/\/www.lepicerieduphare.fr\/accueil\/wp-json\/wp\/v2\/posts\/21069\/revisions\/21080"}],"wp:featuredmedia":[{"embeddable":true,"href":"https:\/\/www.lepicerieduphare.fr\/accueil\/wp-json\/wp\/v2\/media\/21070"}],"wp:attachment":[{"href":"https:\/\/www.lepicerieduphare.fr\/accueil\/wp-json\/wp\/v2\/media?parent=21069"}],"wp:term":[{"taxonomy":"category","embeddable":true,"href":"https:\/\/www.lepicerieduphare.fr\/accueil\/wp-json\/wp\/v2\/categories?post=21069"},{"taxonomy":"post_tag","embeddable":true,"href":"https:\/\/www.lepicerieduphare.fr\/accueil\/wp-json\/wp\/v2\/tags?post=21069"}],"curies":[{"name":"wp","href":"https:\/\/api.w.org\/{rel}","templated":true}]}}