{"id":20948,"date":"2024-10-06T14:36:47","date_gmt":"2024-10-06T12:36:47","guid":{"rendered":"https:\/\/www.lepicerieduphare.fr\/accueil\/?p=20948"},"modified":"2024-10-06T15:13:29","modified_gmt":"2024-10-06T13:13:29","slug":"calendriers-de-lavent-dans-vos-boutiques-de-brest-quimper-centre-quimper-la-galerie-lanester","status":"publish","type":"post","link":"https:\/\/www.lepicerieduphare.fr\/accueil\/calendriers-de-lavent-dans-vos-boutiques-de-brest-quimper-centre-quimper-la-galerie-lanester\/","title":{"rendered":"Calendriers de l&#8217;Avent dans vos boutiques de Brest, Quimper centre, Quimper La Galerie, Lanester"},"content":{"rendered":"<h2>Je r\u00e9serve mon calendrier 2024 !\u00a0 :<\/h2>\n<p>&nbsp;<\/p>\n<div class=\"wpforms-container wpforms-container-full\" id=\"wpforms-20956\"><form id=\"wpforms-form-20956\" class=\"wpforms-validate wpforms-form wpforms-ajax-form\" data-formid=\"20956\" method=\"post\" enctype=\"multipart\/form-data\" action=\"\/accueil\/wp-json\/wp\/v2\/posts\/20948\" data-token=\"6c1f3e9695b4dc72b30cd27e8ed665bc\" data-token-time=\"1777308584\"><noscript class=\"wpforms-error-noscript\">Veuillez activer JavaScript dans votre navigateur pour remplir ce formulaire.<\/noscript><div class=\"wpforms-field-container\"><div id=\"wpforms-20956-field_1-container\" class=\"wpforms-field wpforms-field-name\" data-field-id=\"1\"><label class=\"wpforms-field-label\">Mes coordonn\u00e9es <span class=\"wpforms-required-label\">*<\/span><\/label><div class=\"wpforms-field-row wpforms-field-medium\"><div class=\"wpforms-field-row-block wpforms-first wpforms-one-half\"><input type=\"text\" id=\"wpforms-20956-field_1\" class=\"wpforms-field-name-first wpforms-field-required\" name=\"wpforms[fields][1][first]\" required><label for=\"wpforms-20956-field_1\" class=\"wpforms-field-sublabel after\">Pr\u00e9nom<\/label><\/div><div class=\"wpforms-field-row-block wpforms-one-half\"><input type=\"text\" id=\"wpforms-20956-field_1-last\" class=\"wpforms-field-name-last wpforms-field-required\" name=\"wpforms[fields][1][last]\" required><label for=\"wpforms-20956-field_1-last\" class=\"wpforms-field-sublabel after\">Nom<\/label><\/div><\/div><\/div><div id=\"wpforms-20956-field_13-container\" class=\"wpforms-field wpforms-field-name\" data-field-id=\"13\"><label class=\"wpforms-field-label\" for=\"wpforms-20956-field_13\">Mon t\u00e9l\u00e9phone <span class=\"wpforms-required-label\">*<\/span><\/label><input type=\"text\" id=\"wpforms-20956-field_13\" class=\"wpforms-field-medium wpforms-field-required\" name=\"wpforms[fields][13]\" required><\/div><div id=\"wpforms-20956-field_8-container\" class=\"wpforms-field wpforms-field-email\" data-field-id=\"8\"><label class=\"wpforms-field-label\" for=\"wpforms-20956-field_8\">Email <span class=\"wpforms-required-label\">*<\/span><\/label><input type=\"email\" id=\"wpforms-20956-field_8\" class=\"wpforms-field-medium wpforms-field-required\" name=\"wpforms[fields][8]\" spellcheck=\"false\" required><\/div><div id=\"wpforms-20956-field_6-container\" class=\"wpforms-field wpforms-field-select wpforms-field-select-style-classic\" data-field-id=\"6\"><label class=\"wpforms-field-label\" for=\"wpforms-20956-field_6\">Je reserve  <span class=\"wpforms-required-label\">*<\/span><\/label><select id=\"wpforms-20956-field_6\" class=\"wpforms-field-medium wpforms-field-required\" name=\"wpforms[fields][6]\" required=\"required\"><option value=\"le calendrier sucr\u00e9\" >le calendrier sucr\u00e9<\/option><option value=\"le calendrier sal\u00e9\" >le calendrier sal\u00e9<\/option><option value=\"le calendrier sucr\u00e9 + le calendrier sal\u00e9\" >le calendrier sucr\u00e9 + le calendrier sal\u00e9<\/option><option value=\"2 calendriers sucr\u00e9\" >2 calendriers sucr\u00e9<\/option><option value=\"2 calendriers sal\u00e9\" >2 calendriers sal\u00e9<\/option><option value=\"3 calendriers sucr\u00e9\" >3 calendriers sucr\u00e9<\/option><option value=\"3 calendriers sucr\u00e9\" >3 calendriers sucr\u00e9<\/option><\/select><\/div><div id=\"wpforms-20956-field_14-container\" class=\"wpforms-field wpforms-field-select wpforms-field-select-style-classic\" data-field-id=\"14\"><label class=\"wpforms-field-label\" for=\"wpforms-20956-field_14\">que je viendrai retirer dans la boutique de :  (copier) <span class=\"wpforms-required-label\">*<\/span><\/label><select id=\"wpforms-20956-field_14\" class=\"wpforms-field-medium wpforms-field-required\" name=\"wpforms[fields][14]\" required=\"required\"><option value=\"BREST centre co La galerie\" >BREST centre co La galerie<\/option><option value=\"Quimper centre co La galerie\" >Quimper centre co La galerie<\/option><option value=\"Quimper centre ville rue K\u00e9r\u00e9on\" >Quimper centre ville rue K\u00e9r\u00e9on<\/option><option value=\"Lanester centre co La galerie\" >Lanester centre co La galerie<\/option><\/select><\/div><div id=\"wpforms-20956-field_11-container\" class=\"wpforms-field wpforms-field-number-slider\" data-field-id=\"11\"><label class=\"wpforms-field-label\" for=\"wpforms-20956-field_11\">sous combien de jours ? (R\u00e9servation de 10 jours maximum)<\/label>\n<input\n\ttype=\"range\"\n\tid=\"wpforms-20956-field_11\" class=\"wpforms-field-medium\" name=\"wpforms[fields][11]\" value=\"0\"\t\tmin=\"0\"\n\tmax=\"10\"\n\tstep=\"1\">\n\n<div class=\"wpforms-field-number-slider-hint\"\n\tdata-hint=\"Valeur s\u00e9lectionn\u00e9e\u00a0: {value}\">\n\tValeur s\u00e9lectionn\u00e9e\u00a0: <b>0<\/b><\/div>\n<\/div><div id=\"wpforms-20956-field_7-container\" class=\"wpforms-field wpforms-field-textarea\" data-field-id=\"7\"><label class=\"wpforms-field-label\" for=\"wpforms-20956-field_7\">Commentaire<\/label><textarea id=\"wpforms-20956-field_7\" class=\"wpforms-field-medium\" name=\"wpforms[fields][7]\" ><\/textarea><\/div><\/div><!-- .wpforms-field-container --><div class=\"wpforms-submit-container\" ><input type=\"hidden\" name=\"wpforms[id]\" value=\"20956\"><input type=\"hidden\" name=\"page_title\" value=\"\"><input type=\"hidden\" name=\"page_url\" value=\"https:\/\/www.lepicerieduphare.fr\/accueil\/wp-json\/wp\/v2\/posts\/20948\"><input type=\"hidden\" name=\"url_referer\" value=\"\"><button type=\"submit\" name=\"wpforms[submit]\" id=\"wpforms-submit-20956\" class=\"wpforms-submit\" data-alt-text=\"Validation en cours\" data-submit-text=\"VALIDER\" aria-live=\"assertive\" value=\"wpforms-submit\">VALIDER<\/button><img decoding=\"async\" src=\"https:\/\/www.lepicerieduphare.fr\/wp-content\/plugins\/wpforms-lite\/assets\/images\/submit-spin.svg\" class=\"wpforms-submit-spinner\" style=\"display: none;\" width=\"26\" height=\"26\" alt=\"Chargement en cours\"><\/div><\/form><\/div>  <!-- .wpforms-container -->\n<h1 class=\"h1 namne_details\">Calendrier de l&#8217;Avent sucr\u00e9 &#8211; 395G \ud83c\udf85\ud83c\udf84<\/h1>\n<div id=\"agWidgetH\" class=\"inline agWidget rad fr\">\n<div class=\"inner rad\"><a class=\"agBt rad4\" href=\"https:\/\/www.lecomptoirdemathilde.com\/fr\/chocolats-fabrications-artisanales-et-orginales-francaise\/402-calendrier-de-l-avent#ag-s\" target=\"_blank\" rel=\"noopener\"><img decoding=\"async\" class=\"logoAg\" src=\"https:\/\/www.lecomptoirdemathilde.com\/modules\/steavisgarantis\/views\/img\/cocarde_fr.svg\" \/><\/a><\/div>\n<div><img fetchpriority=\"high\" decoding=\"async\" class=\"alignnone size-full wp-image-20950\" src=\"https:\/\/www.lepicerieduphare.fr\/wp-content\/uploads\/2024\/10\/calendrier-de-l-avent-1.jpg\" alt=\"Calendrier de l'Avent bREST QUIMPER LANESTER LORIENT\" width=\"800\" height=\"800\" srcset=\"https:\/\/www.lepicerieduphare.fr\/wp-content\/uploads\/2024\/10\/calendrier-de-l-avent-1.jpg 800w, https:\/\/www.lepicerieduphare.fr\/wp-content\/uploads\/2024\/10\/calendrier-de-l-avent-1-300x300.jpg 300w, https:\/\/www.lepicerieduphare.fr\/wp-content\/uploads\/2024\/10\/calendrier-de-l-avent-1-150x150.jpg 150w, https:\/\/www.lepicerieduphare.fr\/wp-content\/uploads\/2024\/10\/calendrier-de-l-avent-1-768x768.jpg 768w, https:\/\/www.lepicerieduphare.fr\/wp-content\/uploads\/2024\/10\/calendrier-de-l-avent-1-600x600.jpg 600w, https:\/\/www.lepicerieduphare.fr\/wp-content\/uploads\/2024\/10\/calendrier-de-l-avent-1-100x100.jpg 100w\" sizes=\"(max-width: 800px) 100vw, 800px\" \/><\/div>\n<\/div>\n<div class=\"product-prices js-product-prices\">\n<div class=\"product-price h5 \">\n<div class=\"current-price\"><strong><span class=\"current-price-value\">32,50\u00a0\u20ac<\/span><\/strong><\/div>\n<p class=\"product-unit-price sub\">(71,43\u00a0\u20ac \/ KG)<\/p>\n<\/div>\n<div class=\"tax-shipping-delivery-label\">TTC<\/div>\n<\/div>\n<div class=\"product-information\">\n<div id=\"product-description-short-402\" class=\"product-description\">\n<p>Ho ! Ho ! Ho ! Vous l\u2019entendez\u00a0? Le P\u00e8re-No\u00ebl s&#8217;appr\u00eate \u00e0 faire sa tourn\u00e9e annuelle ! En attendant son arriv\u00e9e, d\u00e9couvrez chaque jour une\u00a0gourmandise sucr\u00e9e dans votre\u00a0<b>calendrier de l&#8217;avent\u00a0<\/b>qui met \u00e0 l&#8217;honneur la foret enchant\u00e9e ! En plus des 24 surprises qui vous attendent, participez \u00e0 notre\u00a0<b>JEU CONCOURS\u00a0<\/b>disponible pour tout achat d&#8217;un calendrier !<\/p>\n<\/div>\n<\/div>\n<h1><img decoding=\"async\" class=\"alignnone size-full wp-image-20963\" src=\"https:\/\/www.lepicerieduphare.fr\/wp-content\/uploads\/2024\/10\/calendrier-de-l-avent-3.jpg\" alt=\"calendrier-de-l-avent\" width=\"800\" height=\"800\" srcset=\"https:\/\/www.lepicerieduphare.fr\/wp-content\/uploads\/2024\/10\/calendrier-de-l-avent-3.jpg 800w, https:\/\/www.lepicerieduphare.fr\/wp-content\/uploads\/2024\/10\/calendrier-de-l-avent-3-300x300.jpg 300w, https:\/\/www.lepicerieduphare.fr\/wp-content\/uploads\/2024\/10\/calendrier-de-l-avent-3-150x150.jpg 150w, https:\/\/www.lepicerieduphare.fr\/wp-content\/uploads\/2024\/10\/calendrier-de-l-avent-3-768x768.jpg 768w, https:\/\/www.lepicerieduphare.fr\/wp-content\/uploads\/2024\/10\/calendrier-de-l-avent-3-600x600.jpg 600w, https:\/\/www.lepicerieduphare.fr\/wp-content\/uploads\/2024\/10\/calendrier-de-l-avent-3-100x100.jpg 100w\" sizes=\"(max-width: 800px) 100vw, 800px\" \/><\/h1>\n<h1 class=\"h1 namne_details\">Calendrier de l&#8217;Avent sal\u00e9 &#8211; 750G \ud83c\udf85\ud83c\udf84<\/h1>\n<div id=\"agWidgetH\" class=\"inline agWidget rad fr\">\n<div class=\"inner rad\">\n<p><a class=\"agBt rad4\" href=\"https:\/\/www.lecomptoirdemathilde.com\/fr\/epicerie-fine-salee\/2718-calendrier-de-l-avent#ag-s\" target=\"_blank\" rel=\"noopener\"><img decoding=\"async\" class=\"logoAg\" src=\"https:\/\/www.lecomptoirdemathilde.com\/modules\/steavisgarantis\/views\/img\/cocarde_fr.svg\" \/><\/a><\/p>\n<div class=\"reviewGlobal\">\n<p><img loading=\"lazy\" decoding=\"async\" class=\"size-full wp-image-20949\" src=\"https:\/\/www.lepicerieduphare.fr\/wp-content\/uploads\/2024\/10\/calendrier-de-l-avent-2.jpg\" alt=\"Calendrier de l'Avent sal\u00e9 Brest Quimper lanester lorient\" width=\"800\" height=\"800\" srcset=\"https:\/\/www.lepicerieduphare.fr\/wp-content\/uploads\/2024\/10\/calendrier-de-l-avent-2.jpg 800w, https:\/\/www.lepicerieduphare.fr\/wp-content\/uploads\/2024\/10\/calendrier-de-l-avent-2-300x300.jpg 300w, https:\/\/www.lepicerieduphare.fr\/wp-content\/uploads\/2024\/10\/calendrier-de-l-avent-2-150x150.jpg 150w, https:\/\/www.lepicerieduphare.fr\/wp-content\/uploads\/2024\/10\/calendrier-de-l-avent-2-768x768.jpg 768w, https:\/\/www.lepicerieduphare.fr\/wp-content\/uploads\/2024\/10\/calendrier-de-l-avent-2-600x600.jpg 600w, https:\/\/www.lepicerieduphare.fr\/wp-content\/uploads\/2024\/10\/calendrier-de-l-avent-2-100x100.jpg 100w\" sizes=\"(max-width: 800px) 100vw, 800px\" \/><\/p>\n<\/div>\n<\/div>\n<\/div>\n<div class=\"product-prices js-product-prices\">\n<div class=\"product-price h5 \">\n<div class=\"current-price\"><strong><span class=\"current-price-value\">69,90 \u20ac<\/span><\/strong><\/div>\n<p class=\"product-unit-price sub\">(78,90\u00a0\u20ac \/ KG)<\/p>\n<\/div>\n<div class=\"tax-shipping-delivery-label\">TTC<\/div>\n<\/div>\n<div class=\"product-information\">\n<div id=\"product-description-short-2718\" class=\"product-description\">\n<p>En attendant l&#8217;arriv\u00e9e de No\u00ebl, d\u00e9couvrez chaque jour une s\u00e9lection gourmande de nos meilleurs produits d&#8217;\u00e9picerie (moutardes, tartinables, sels et poivres, mathildettes ap\u00e9ro, foie gras, confit, pain d&#8217;\u00e9pices&#8230;) dans votre\u00a0<b>calendrier de l&#8217;avent sal\u00e9\u00a0<\/b>qui enchantera les papilles des plus fins gourmets ! Un \u00e9crin soign\u00e9 r\u00e9v\u00e9lant une multitude de recette \u00e9labor\u00e9e par nos soins dans notre manufacture en Provence.<\/p>\n<p>Pour cette fin d&#8217;ann\u00e9e, nous vous proposons des parfums g\u00e9n\u00e9reux et des go\u00fbts audacieux pour un ap\u00e9ritif gourmet ou \u00e0 incorporer dans une recette festive ! Et pour faire durer le plaisir, une 25\u00e8me surprise viendra sublimer le jour de No\u00ebl.<\/p>\n<p>Id\u00e9al pour les amateurs de produits sal\u00e9s qui ne trouvent pas leur bonheur parmi tous les calendriers sucr\u00e9s.<\/p>\n<\/div>\n<\/div>\n<p>&nbsp;<\/p>\n<p>&nbsp;<\/p>\n<h3><strong>A retrouver dans vos 4 boutiques \ud83d\uded2 :\u00a0<\/strong><\/h3>\n<div class=\"product-information\">\n<ul>\n<li>\n<h3><em><strong>Quimper Centre (6 rue K\u00e9r\u00e9on)<\/strong><\/em><\/h3>\n<\/li>\n<li>\n<h3><em><strong>Quimper Galerie (CC La Galerie 163 Rte de B\u00e9nodet)<\/strong><\/em><\/h3>\n<\/li>\n<li>\n<h3><em><strong>Lanester Galerie (CC La Galerie 78 Av. Ambroise Croizat)<\/strong><\/em><\/h3>\n<\/li>\n<li>\n<h3><em><strong>Brest Galerie (CC la Galerie 29 route de Gouesnou)<\/strong><\/em><\/h3>\n<\/li>\n<\/ul>\n<\/div>\n<p>&nbsp;<\/p>\n<p>&nbsp;<\/p>\n","protected":false},"excerpt":{"rendered":"<p>Calendriers de l&#8217;Avent dans vos boutiques de Brest, Quimper centre, Quimper La Galerie, Lanester<\/p>\n","protected":false},"author":1,"featured_media":20951,"comment_status":"closed","ping_status":"closed","sticky":false,"template":"","format":"standard","meta":{"_monsterinsights_skip_tracking":false,"_monsterinsights_sitenote_active":false,"_monsterinsights_sitenote_note":"","_monsterinsights_sitenote_category":0,"_jetpack_memberships_contains_paid_content":false,"footnotes":""},"categories":[129,163,236,166,128,168,169],"tags":[],"class_list":["post-20948","post","type-post","status-publish","format-standard","has-post-thumbnail","hentry","category-cadeaux-chocolat-brest","category-cadeaux-daffaires-brest","category-calendrier-de-lavant-quimper-lanester-lorient","category-calendrier-de-lavent-brest","category-votre-partenaire-pour-vos-cadeaux-dentreprise-a-brest","category-noel-a-brest","category-paniers-garnis-brest"],"jetpack_featured_media_url":"https:\/\/www.lepicerieduphare.fr\/wp-content\/uploads\/2024\/10\/calendrier-de-l-avent.jpg","jetpack_sharing_enabled":true,"_links":{"self":[{"href":"https:\/\/www.lepicerieduphare.fr\/accueil\/wp-json\/wp\/v2\/posts\/20948","targetHints":{"allow":["GET"]}}],"collection":[{"href":"https:\/\/www.lepicerieduphare.fr\/accueil\/wp-json\/wp\/v2\/posts"}],"about":[{"href":"https:\/\/www.lepicerieduphare.fr\/accueil\/wp-json\/wp\/v2\/types\/post"}],"author":[{"embeddable":true,"href":"https:\/\/www.lepicerieduphare.fr\/accueil\/wp-json\/wp\/v2\/users\/1"}],"replies":[{"embeddable":true,"href":"https:\/\/www.lepicerieduphare.fr\/accueil\/wp-json\/wp\/v2\/comments?post=20948"}],"version-history":[{"count":9,"href":"https:\/\/www.lepicerieduphare.fr\/accueil\/wp-json\/wp\/v2\/posts\/20948\/revisions"}],"predecessor-version":[{"id":20964,"href":"https:\/\/www.lepicerieduphare.fr\/accueil\/wp-json\/wp\/v2\/posts\/20948\/revisions\/20964"}],"wp:featuredmedia":[{"embeddable":true,"href":"https:\/\/www.lepicerieduphare.fr\/accueil\/wp-json\/wp\/v2\/media\/20951"}],"wp:attachment":[{"href":"https:\/\/www.lepicerieduphare.fr\/accueil\/wp-json\/wp\/v2\/media?parent=20948"}],"wp:term":[{"taxonomy":"category","embeddable":true,"href":"https:\/\/www.lepicerieduphare.fr\/accueil\/wp-json\/wp\/v2\/categories?post=20948"},{"taxonomy":"post_tag","embeddable":true,"href":"https:\/\/www.lepicerieduphare.fr\/accueil\/wp-json\/wp\/v2\/tags?post=20948"}],"curies":[{"name":"wp","href":"https:\/\/api.w.org\/{rel}","templated":true}]}}