{"id":20757,"date":"2023-06-09T19:58:30","date_gmt":"2023-06-09T17:58:30","guid":{"rendered":"https:\/\/www.lepicerieduphare.fr\/accueil\/?p=20757"},"modified":"2023-06-09T20:03:33","modified_gmt":"2023-06-09T18:03:33","slug":"des-coffrets-bieres-pour-la-fetes-des-peres-a-brest-quimper-lanester-lorient-benodet","status":"publish","type":"post","link":"https:\/\/www.lepicerieduphare.fr\/accueil\/des-coffrets-bieres-pour-la-fetes-des-peres-a-brest-quimper-lanester-lorient-benodet\/","title":{"rendered":"Des coffrets bi\u00e8res pour la F\u00eates des p\u00e8res \u00e0 Brest, Quimper, Lanester, Lorient, B\u00e9nodet"},"content":{"rendered":"<h2>\ud83c\udf89 C\u00e9l\u00e9brez la F\u00eate des P\u00e8res avec Le Comptoir de Mathilde ! \ud83c\udf89<\/h2>\n<p>\ud83c\udf81 Offrez-lui un cadeau exceptionnel et savoureux pour t\u00e9moigner votre amour et votre gratitude envers votre p\u00e8re bien-aim\u00e9. Chez Le Comptoir de Mathilde, nous avons s\u00e9lectionn\u00e9 avec soin des pr\u00e9sents qui sauront le combler de bonheur.<\/p>\n<p>\ud83c\udf6b D\u00e9couvrez notre d\u00e9licieuse gamme de chocolats artisanaux, \u00e9labor\u00e9s avec passion et savoir-faire. Du noir intense au lait onctueux, en passant par des saveurs exotiques, chaque carr\u00e9 est une v\u00e9ritable invitation \u00e0 la gourmandise. Offrez-lui un moment de douceur et de plaisir avec nos cr\u00e9ations chocolat\u00e9es.<\/p>\n<p>&nbsp;<\/p>\n<figure id=\"attachment_20763\" aria-describedby=\"caption-attachment-20763\" style=\"width: 546px\" class=\"wp-caption alignnone\"><img fetchpriority=\"high\" decoding=\"async\" class=\" wp-image-20763\" src=\"https:\/\/www.lepicerieduphare.fr\/wp-content\/uploads\/2023\/06\/8-Juin-2023-1.jpg\" alt=\"F\u00eates des p\u00e8res chocolat camembert saucisson\" width=\"546\" height=\"683\" srcset=\"https:\/\/www.lepicerieduphare.fr\/wp-content\/uploads\/2023\/06\/8-Juin-2023-1.jpg 1080w, https:\/\/www.lepicerieduphare.fr\/wp-content\/uploads\/2023\/06\/8-Juin-2023-1-240x300.jpg 240w, https:\/\/www.lepicerieduphare.fr\/wp-content\/uploads\/2023\/06\/8-Juin-2023-1-819x1024.jpg 819w, https:\/\/www.lepicerieduphare.fr\/wp-content\/uploads\/2023\/06\/8-Juin-2023-1-768x960.jpg 768w, https:\/\/www.lepicerieduphare.fr\/wp-content\/uploads\/2023\/06\/8-Juin-2023-1-600x750.jpg 600w\" sizes=\"(max-width: 546px) 100vw, 546px\" \/><figcaption id=\"caption-attachment-20763\" class=\"wp-caption-text\">F\u00eates des p\u00e8res chocolat camembert saucisson<\/figcaption><\/figure>\n<p>\ud83c\udf7b Pour accompagner ces d\u00e9lices, plongez dans notre collection de <a href=\"https:\/\/www.lepicerieduphare.fr\/accueil\/des-coffrets-bieres-pour-la-fetes-des-peres-a-brest-quimper-lanester-lorient-benodet\/\">bi\u00e8res<\/a> raffin\u00e9es. Des blondes l\u00e9g\u00e8res aux brunes cors\u00e9es, en passant par des IPA houblonn\u00e9es, nos bi\u00e8res de qualit\u00e9 sauront satisfaire les palais les plus exigeants. Laissez-le savourer chaque gorg\u00e9e avec d\u00e9lectation et \u00e9merveillement.<\/p>\n<p>\ud83d\udcdc Et parce que votre satisfaction est notre priorit\u00e9, nous vous rappelons que la vente d&#8217;alcool est interdite aux mineurs. L&#8217;abus d&#8217;alcool est dangereux pour la sant\u00e9, \u00e0 consommer avec mod\u00e9ration. Vente interdite aux personnes de moins de 18 ans.<\/p>\n<p>\ud83c\udf81 Pour une F\u00eate des P\u00e8res inoubliable, rendez-vous dans nos magasins \u00e0 Brest, Lanester et Quimper, ou visitez notre site web lecomptoirdemathilde.com. Offrez-lui des cadeaux qui combleront tous ses sens. Parce que chaque p\u00e8re m\u00e9rite le meilleur, optez pour la qualit\u00e9 et l&#8217;authenticit\u00e9.<\/p>\n<p>\ud83d\uddd3\ufe0f N&#8217;oubliez pas de marquer cette date importante : la F\u00eate des P\u00e8res, le 18 juin. Venez d\u00e9couvrir notre s\u00e9lection exclusive et laissez-nous vous aider \u00e0 cr\u00e9er des souvenirs m\u00e9morables en compagnie de votre p\u00e8re bien-aim\u00e9.<\/p>\n<p>\ud83d\udc68\u200d\ud83d\udc67\u200d\ud83d\udc66 C\u00e9l\u00e9brons l&#8217;amour paternel avec<a href=\"http:\/\/lecomptoirdemathilde.com\" target=\"_blank\" rel=\"noopener\"> Le Comptoir de Mathilde<\/a>. Joyeuse F\u00eate des P\u00e8res ! \ud83d\udc68\u200d\ud83d\udc67\u200d\ud83d\udc66<\/p>\n<p>Pour d\u00e9couvrir nos produits et faire vos achats en ligne, visitez notre site web Le Comptoir de Mathilde ou rendez-vous dans nos magasins \u00e0 Brest, Lanester et Quimper.<\/p>\n<div style=\"width: 1080px;\" class=\"wp-video\"><video class=\"wp-video-shortcode\" id=\"video-20757-1\" width=\"1080\" height=\"1920\" preload=\"metadata\" controls=\"controls\"><source type=\"video\/mp4\" src=\"https:\/\/www.lepicerieduphare.fr\/wp-content\/uploads\/2023\/06\/Bonne-fete-papa.mp4?_=1\" \/><a href=\"https:\/\/www.lepicerieduphare.fr\/wp-content\/uploads\/2023\/06\/Bonne-fete-papa.mp4\">https:\/\/www.lepicerieduphare.fr\/wp-content\/uploads\/2023\/06\/Bonne-fete-papa.mp4<\/a><\/video><\/div>\n","protected":false},"excerpt":{"rendered":"<p>\ud83c\udf89 C\u00e9l\u00e9brez la F\u00eate des P\u00e8res avec Le Comptoir de Mathilde ! \ud83c\udf89 \ud83c\udf81 Offrez-lui un cadeau exceptionnel et savoureux pour&#8230;<\/p>\n","protected":false},"author":1,"featured_media":20759,"comment_status":"closed","ping_status":"closed","sticky":false,"template":"","format":"standard","meta":{"_monsterinsights_skip_tracking":false,"_monsterinsights_sitenote_active":false,"_monsterinsights_sitenote_note":"","_monsterinsights_sitenote_category":0,"_jetpack_memberships_contains_paid_content":false,"footnotes":""},"categories":[128,160,109,169,222,223],"tags":[],"class_list":["post-20757","post","type-post","status-publish","format-standard","has-post-thumbnail","hentry","category-votre-partenaire-pour-vos-cadeaux-dentreprise-a-brest","category-fete-des-peres-brest","category-les-news-du-comptoir-de-mathilde-brest","category-paniers-garnis-brest","category-paniers-garnis-lanester","category-paniers-garnis-quimper"],"jetpack_featured_media_url":"https:\/\/www.lepicerieduphare.fr\/wp-content\/uploads\/2023\/06\/10-Juin-2023.jpg","jetpack_sharing_enabled":true,"_links":{"self":[{"href":"https:\/\/www.lepicerieduphare.fr\/accueil\/wp-json\/wp\/v2\/posts\/20757","targetHints":{"allow":["GET"]}}],"collection":[{"href":"https:\/\/www.lepicerieduphare.fr\/accueil\/wp-json\/wp\/v2\/posts"}],"about":[{"href":"https:\/\/www.lepicerieduphare.fr\/accueil\/wp-json\/wp\/v2\/types\/post"}],"author":[{"embeddable":true,"href":"https:\/\/www.lepicerieduphare.fr\/accueil\/wp-json\/wp\/v2\/users\/1"}],"replies":[{"embeddable":true,"href":"https:\/\/www.lepicerieduphare.fr\/accueil\/wp-json\/wp\/v2\/comments?post=20757"}],"version-history":[{"count":4,"href":"https:\/\/www.lepicerieduphare.fr\/accueil\/wp-json\/wp\/v2\/posts\/20757\/revisions"}],"predecessor-version":[{"id":20764,"href":"https:\/\/www.lepicerieduphare.fr\/accueil\/wp-json\/wp\/v2\/posts\/20757\/revisions\/20764"}],"wp:featuredmedia":[{"embeddable":true,"href":"https:\/\/www.lepicerieduphare.fr\/accueil\/wp-json\/wp\/v2\/media\/20759"}],"wp:attachment":[{"href":"https:\/\/www.lepicerieduphare.fr\/accueil\/wp-json\/wp\/v2\/media?parent=20757"}],"wp:term":[{"taxonomy":"category","embeddable":true,"href":"https:\/\/www.lepicerieduphare.fr\/accueil\/wp-json\/wp\/v2\/categories?post=20757"},{"taxonomy":"post_tag","embeddable":true,"href":"https:\/\/www.lepicerieduphare.fr\/accueil\/wp-json\/wp\/v2\/tags?post=20757"}],"curies":[{"name":"wp","href":"https:\/\/api.w.org\/{rel}","templated":true}]}}