{"id":20738,"date":"2023-05-13T16:42:40","date_gmt":"2023-05-13T14:42:40","guid":{"rendered":"https:\/\/www.lepicerieduphare.fr\/accueil\/?p=20738"},"modified":"2023-05-13T16:43:44","modified_gmt":"2023-05-13T14:43:44","slug":"le-comptoir-de-mathilde-un-nouveau-magasin-ouvre-ses-portes-a-quimper","status":"publish","type":"post","link":"https:\/\/www.lepicerieduphare.fr\/accueil\/le-comptoir-de-mathilde-un-nouveau-magasin-ouvre-ses-portes-a-quimper\/","title":{"rendered":"Le Comptoir de Mathilde : un nouveau magasin ouvre ses portes \u00e0 Quimper"},"content":{"rendered":"<h2>Le 24 mai 2023, la ville de Quimper verra l&#8217;ouverture d&#8217;un tout nouveau magasin Le Comptoir de Mathilde,<\/h2>\n<p>situ\u00e9 dans la galerie commerciale G\u00e9ant, au 163 route de B\u00e9nodet. Ce sera le deuxi\u00e8me magasin de la marque dans la ville, le premier \u00e9tant situ\u00e9 au 6 rue K\u00e9r\u00e9on. Cette nouvelle ouverture est une excellente nouvelle pour les amateurs de chocolat et de produits gourmands de la ville et de la r\u00e9gion.<\/p>\n<p>Le Comptoir de Mathilde est une entreprise fran\u00e7aise sp\u00e9cialis\u00e9e dans la production et la vente de <a href=\"https:\/\/www.lepicerieduphare.fr\/accueil\/produit\/chocolat-brest-idee-cadeaux\/eclats-de-caramel-au-beurre-sale-hot-chocolate-30g\/\">chocolats<\/a>, de confiseries, d&#8217;\u00e9pices et de produits alimentaires r\u00e9gionaux. Cr\u00e9\u00e9e en 2007, elle s&#8217;est rapidement impos\u00e9e comme une r\u00e9f\u00e9rence dans le domaine de la gourmandise. Les produits Le Comptoir de Mathilde sont fabriqu\u00e9s \u00e0 partir d&#8217;ingr\u00e9dients de qualit\u00e9 sup\u00e9rieure, sans conservateurs ni colorants artificiels, pour offrir aux consommateurs des saveurs authentiques et raffin\u00e9es.<\/p>\n<p>Le nouveau magasin <a href=\"https:\/\/www.lepicerieduphare.fr\/accueil\/ouverture-du-comptoir-de-mathilde-quimper\/\">Le Comptoir de Mathilde \u00e0 Quimper<\/a> sera un espace de vente de 50 m\u00e8tres carr\u00e9s, enti\u00e8rement d\u00e9di\u00e9 aux produits de la marque. Les clients pourront y d\u00e9couvrir une large gamme de chocolats, de confitures, de miels, de biscuits, de p\u00e2tes \u00e0 tartiner, d&#8217;\u00e9pices et de sp\u00e9cialit\u00e9s r\u00e9gionales. Les produits propos\u00e9s dans le magasin seront renouvel\u00e9s r\u00e9guli\u00e8rement pour offrir aux clients une exp\u00e9rience de shopping unique et originale.<\/p>\n<p>Le choix de la galerie commerciale G\u00e9ant pour l&#8217;ouverture de ce nouveau magasin est strat\u00e9gique. En effet, la galerie est tr\u00e8s fr\u00e9quent\u00e9e par les habitants de Quimper et des communes environnantes comme B\u00e9nodet, offrant ainsi une visibilit\u00e9 optimale pour la marque Le Comptoir de Mathilde. De plus, la proximit\u00e9 avec le premier magasin situ\u00e9 rue K\u00e9r\u00e9on permettra aux clients de d\u00e9couvrir une offre plus large de produits et de profiter de promotions exclusives.<\/p>\n<p>Pour l&#8217;ouverture du nouveau magasin Le Comptoir de Mathilde \u00e0 Quimper, plusieurs \u00e9v\u00e9nements sont pr\u00e9vus tout au long de la journ\u00e9e. Les clients pourront d\u00e9guster gratuitement des produits de la marque et participer \u00e0 des animations pour d\u00e9couvrir les secrets de fabrication des produits Le Comptoir de Mathilde. Des cadeaux et des promotions sp\u00e9ciales seront \u00e9galement propos\u00e9s pour c\u00e9l\u00e9brer l&#8217;ouverture de ce nouveau magasin.<\/p>\n<p>En conclusion, l&#8217;ouverture du nouveau magasin Le Comptoir de Mathilde \u00e0 Quimper est une excellente nouvelle pour les amateurs de chocolat et de produits gourmands de la ville et de la r\u00e9gion. Le choix de la galerie commerciale G\u00e9ant pour l&#8217;implantation de ce magasin est judicieux pour offrir une visibilit\u00e9 optimale \u00e0 la marque. Les clients pourront d\u00e9couvrir une large gamme de produits de qualit\u00e9 sup\u00e9rieure dans un espace de vente d\u00e9di\u00e9 et profiter d&#8217;animations et de promotions exclusives pour c\u00e9l\u00e9brer cette ouverture.<\/p>\n<figure id=\"attachment_20740\" aria-describedby=\"caption-attachment-20740\" style=\"width: 585px\" class=\"wp-caption alignnone\"><img fetchpriority=\"high\" decoding=\"async\" class=\" wp-image-20740\" src=\"https:\/\/www.lepicerieduphare.fr\/wp-content\/uploads\/2023\/05\/vitro2-scaled.jpg\" alt=\"le comptoir de mathilde Quimper G\u00e9ant route de B\u00e9nodet\" width=\"585\" height=\"631\" srcset=\"https:\/\/www.lepicerieduphare.fr\/wp-content\/uploads\/2023\/05\/vitro2-scaled.jpg 2373w, https:\/\/www.lepicerieduphare.fr\/wp-content\/uploads\/2023\/05\/vitro2-278x300.jpg 278w, https:\/\/www.lepicerieduphare.fr\/wp-content\/uploads\/2023\/05\/vitro2-949x1024.jpg 949w, https:\/\/www.lepicerieduphare.fr\/wp-content\/uploads\/2023\/05\/vitro2-768x828.jpg 768w, https:\/\/www.lepicerieduphare.fr\/wp-content\/uploads\/2023\/05\/vitro2-1424x1536.jpg 1424w, https:\/\/www.lepicerieduphare.fr\/wp-content\/uploads\/2023\/05\/vitro2-1899x2048.jpg 1899w, https:\/\/www.lepicerieduphare.fr\/wp-content\/uploads\/2023\/05\/vitro2-1320x1424.jpg 1320w, https:\/\/www.lepicerieduphare.fr\/wp-content\/uploads\/2023\/05\/vitro2-600x647.jpg 600w\" sizes=\"(max-width: 585px) 100vw, 585px\" \/><figcaption id=\"caption-attachment-20740\" class=\"wp-caption-text\">le comptoir de mathilde Qiimper G\u00e9ant route de B\u00e9nodet<\/figcaption><\/figure>\n<p>Rendez-vous le 24 mai 2023 au 163 route de B\u00e9nodet pour d\u00e9couvrir ce nouveau magasin Le Comptoir de Mathilde \u00e0 Quimper !<\/p>\n","protected":false},"excerpt":{"rendered":"<p>Le 24 mai 2023, la ville de Quimper verra l&#8217;ouverture d&#8217;un tout nouveau magasin Le Comptoir de Mathilde Galerie Commerciale G\u00e9ant 167 route de B\u00e9nodet,<\/p>\n","protected":false},"author":1,"featured_media":20739,"comment_status":"closed","ping_status":"closed","sticky":false,"template":"","format":"standard","meta":{"_monsterinsights_skip_tracking":false,"_monsterinsights_sitenote_active":false,"_monsterinsights_sitenote_note":"","_monsterinsights_sitenote_category":0,"_jetpack_memberships_contains_paid_content":false,"footnotes":""},"categories":[128,169,223],"tags":[],"class_list":["post-20738","post","type-post","status-publish","format-standard","has-post-thumbnail","hentry","category-votre-partenaire-pour-vos-cadeaux-dentreprise-a-brest","category-paniers-garnis-brest","category-paniers-garnis-quimper"],"jetpack_featured_media_url":"https:\/\/www.lepicerieduphare.fr\/wp-content\/uploads\/2023\/05\/ouverture.jpg","jetpack_sharing_enabled":true,"_links":{"self":[{"href":"https:\/\/www.lepicerieduphare.fr\/accueil\/wp-json\/wp\/v2\/posts\/20738","targetHints":{"allow":["GET"]}}],"collection":[{"href":"https:\/\/www.lepicerieduphare.fr\/accueil\/wp-json\/wp\/v2\/posts"}],"about":[{"href":"https:\/\/www.lepicerieduphare.fr\/accueil\/wp-json\/wp\/v2\/types\/post"}],"author":[{"embeddable":true,"href":"https:\/\/www.lepicerieduphare.fr\/accueil\/wp-json\/wp\/v2\/users\/1"}],"replies":[{"embeddable":true,"href":"https:\/\/www.lepicerieduphare.fr\/accueil\/wp-json\/wp\/v2\/comments?post=20738"}],"version-history":[{"count":4,"href":"https:\/\/www.lepicerieduphare.fr\/accueil\/wp-json\/wp\/v2\/posts\/20738\/revisions"}],"predecessor-version":[{"id":20744,"href":"https:\/\/www.lepicerieduphare.fr\/accueil\/wp-json\/wp\/v2\/posts\/20738\/revisions\/20744"}],"wp:featuredmedia":[{"embeddable":true,"href":"https:\/\/www.lepicerieduphare.fr\/accueil\/wp-json\/wp\/v2\/media\/20739"}],"wp:attachment":[{"href":"https:\/\/www.lepicerieduphare.fr\/accueil\/wp-json\/wp\/v2\/media?parent=20738"}],"wp:term":[{"taxonomy":"category","embeddable":true,"href":"https:\/\/www.lepicerieduphare.fr\/accueil\/wp-json\/wp\/v2\/categories?post=20738"},{"taxonomy":"post_tag","embeddable":true,"href":"https:\/\/www.lepicerieduphare.fr\/accueil\/wp-json\/wp\/v2\/tags?post=20738"}],"curies":[{"name":"wp","href":"https:\/\/api.w.org\/{rel}","templated":true}]}}