{"id":20698,"date":"2022-11-04T16:57:17","date_gmt":"2022-11-04T15:57:17","guid":{"rendered":"https:\/\/www.lepicerieduphare.fr\/accueil\/?p=20698"},"modified":"2022-11-04T16:57:17","modified_gmt":"2022-11-04T15:57:17","slug":"chocolat-a-casser-aux-couleurs-de-noel-brest-quimper-lanester-lorient","status":"publish","type":"post","link":"https:\/\/www.lepicerieduphare.fr\/accueil\/chocolat-a-casser-aux-couleurs-de-noel-brest-quimper-lanester-lorient\/","title":{"rendered":"Chocolat \u00e0 casser aux couleurs de No\u00ebl Brest Quimper Lanester Lorient"},"content":{"rendered":"<h2><span style=\"font-weight: 400;\">Retrouvez tous les assortiments de chocolat de No\u00ebl, dans vos boutiques de Brest, Quimper et Lanester. \u2764<\/span><\/h2>\n<p><span style=\"font-weight: 400;\">Retrouvez une \u00e2me d\u2019enfant gr\u00e2ce \u00e0 notre chocolat \u00e0 casser aux couleurs de No\u00ebl et en \u00e9dition limit\u00e9e !\u00a0<\/span><\/p>\n<p><span style=\"font-weight: 400;\">Compos\u00e9 de 4 d\u00e9licieux chocolats : noir, lait, blond et blanc avec de jolis sujets, des noisettes caram\u00e9lis\u00e9es et des morceaux de sucre d\u2019orge.<\/span><\/p>\n<p><span style=\"font-weight: 400;\">\u00a0De quoi r\u00e9galer petits et grands durant la p\u00e9riode de No\u00ebl ! \ud83c\udf84<\/span><\/p>\n<p>Pensez au Comptoir de Mathilde pour vos<a href=\"https:\/\/www.lepicerieduphare.fr\/accueil\/produit\/chocolat-brest-idee-cadeaux\/calendrier-de-lavent-sucre\/\"> cadeaux de <\/a><span style=\"font-weight: 400;\">No\u00ebl et tables de f\u00eates de fin d&#8217;ann\u00e9e.<\/span><\/p>\n<p>Venez d\u00e9couvrir toute notre Gamme de <span style=\"font-weight: 400;\"><a href=\"https:\/\/www.lepicerieduphare.fr\/accueil\/coffrets-cadeaux-et-paniers-garnis-de-noel-a-brest-quimper-lanester-lorient\/\">No\u00ebl<\/a> et nos coffrets cadeaux et paniers garnis.<\/span><\/p>\n<p><span style=\"font-weight: 400;\">\u00a0#christmaslover #noel #gourmandise #chocolatelover #instafood #chocolat #artisan #lecomptoirdemathilde<\/span><\/p>\n","protected":false},"excerpt":{"rendered":"<p>Retrouvez tous les assortiments de chocolat de No\u00ebl, dans vos boutiques de Brest, Quimper et Lanester. \u2764 Retrouvez une \u00e2me d\u2019enfant&#8230;<\/p>\n","protected":false},"author":1,"featured_media":20699,"comment_status":"closed","ping_status":"closed","sticky":false,"template":"","format":"standard","meta":{"_monsterinsights_skip_tracking":false,"_monsterinsights_sitenote_active":false,"_monsterinsights_sitenote_note":"","_monsterinsights_sitenote_category":0,"_jetpack_memberships_contains_paid_content":false,"footnotes":""},"categories":[221,128,169,222,223],"tags":[],"class_list":["post-20698","post","type-post","status-publish","format-standard","has-post-thumbnail","hentry","category-chocolat-lanester","category-votre-partenaire-pour-vos-cadeaux-dentreprise-a-brest","category-paniers-garnis-brest","category-paniers-garnis-lanester","category-paniers-garnis-quimper"],"jetpack_featured_media_url":"https:\/\/www.lepicerieduphare.fr\/wp-content\/uploads\/2022\/11\/cadeaux-noel-brest-lanester-quimper-lorient.jpg","jetpack_sharing_enabled":true,"_links":{"self":[{"href":"https:\/\/www.lepicerieduphare.fr\/accueil\/wp-json\/wp\/v2\/posts\/20698","targetHints":{"allow":["GET"]}}],"collection":[{"href":"https:\/\/www.lepicerieduphare.fr\/accueil\/wp-json\/wp\/v2\/posts"}],"about":[{"href":"https:\/\/www.lepicerieduphare.fr\/accueil\/wp-json\/wp\/v2\/types\/post"}],"author":[{"embeddable":true,"href":"https:\/\/www.lepicerieduphare.fr\/accueil\/wp-json\/wp\/v2\/users\/1"}],"replies":[{"embeddable":true,"href":"https:\/\/www.lepicerieduphare.fr\/accueil\/wp-json\/wp\/v2\/comments?post=20698"}],"version-history":[{"count":1,"href":"https:\/\/www.lepicerieduphare.fr\/accueil\/wp-json\/wp\/v2\/posts\/20698\/revisions"}],"predecessor-version":[{"id":20700,"href":"https:\/\/www.lepicerieduphare.fr\/accueil\/wp-json\/wp\/v2\/posts\/20698\/revisions\/20700"}],"wp:featuredmedia":[{"embeddable":true,"href":"https:\/\/www.lepicerieduphare.fr\/accueil\/wp-json\/wp\/v2\/media\/20699"}],"wp:attachment":[{"href":"https:\/\/www.lepicerieduphare.fr\/accueil\/wp-json\/wp\/v2\/media?parent=20698"}],"wp:term":[{"taxonomy":"category","embeddable":true,"href":"https:\/\/www.lepicerieduphare.fr\/accueil\/wp-json\/wp\/v2\/categories?post=20698"},{"taxonomy":"post_tag","embeddable":true,"href":"https:\/\/www.lepicerieduphare.fr\/accueil\/wp-json\/wp\/v2\/tags?post=20698"}],"curies":[{"name":"wp","href":"https:\/\/api.w.org\/{rel}","templated":true}]}}