{"id":20690,"date":"2022-10-31T17:49:11","date_gmt":"2022-10-31T16:49:11","guid":{"rendered":"https:\/\/www.lepicerieduphare.fr\/accueil\/?p=20690"},"modified":"2022-10-31T17:50:14","modified_gmt":"2022-10-31T16:50:14","slug":"coffrets-cadeaux-et-paniers-garnis-de-noel-a-brest-quimper-lanester-lorient","status":"publish","type":"post","link":"https:\/\/www.lepicerieduphare.fr\/accueil\/coffrets-cadeaux-et-paniers-garnis-de-noel-a-brest-quimper-lanester-lorient\/","title":{"rendered":"Coffrets cadeaux et paniers garnis de Noel \u00e0 Brest Quimper Lanester Lorient"},"content":{"rendered":"<h2>Nos \u00e9quipes de Brest Quimper Lanester vous proposent chaque ann\u00e9e toute une gamme de produits de Noel sous forme de Paniers garnis et coffrets cadeaux !<\/h2>\n<p>Du sucr\u00e9, du sal\u00e9, de la gamme sp\u00e9ciale Noel 2022 &#8230;<\/p>\n<p>Coffre sur-mesure possible.<\/p>\n<p>Nous vous attendons en boutique pour vous accompagner dans la pr\u00e9paration de vos cadeaux et tables de fin d&#8217;ann\u00e9e.<\/p>\n<p>Cette ann\u00e9e notre th\u00e8me est le c\u00e9l\u00e8bre Casse-noisette !<\/p>\n<figure id=\"attachment_20691\" aria-describedby=\"caption-attachment-20691\" style=\"width: 800px\" class=\"wp-caption alignnone\"><img fetchpriority=\"high\" decoding=\"async\" class=\" wp-image-20691\" src=\"https:\/\/www.lepicerieduphare.fr\/wp-content\/uploads\/2022\/10\/FOURN0179_sac_papier_PM_NOEL_verso.jpg\" alt=\"NOEL_casse_noisette_brest_quimper_lanester\" width=\"800\" height=\"800\" srcset=\"https:\/\/www.lepicerieduphare.fr\/wp-content\/uploads\/2022\/10\/FOURN0179_sac_papier_PM_NOEL_verso.jpg 2442w, https:\/\/www.lepicerieduphare.fr\/wp-content\/uploads\/2022\/10\/FOURN0179_sac_papier_PM_NOEL_verso-300x300.jpg 300w, https:\/\/www.lepicerieduphare.fr\/wp-content\/uploads\/2022\/10\/FOURN0179_sac_papier_PM_NOEL_verso-1024x1024.jpg 1024w, https:\/\/www.lepicerieduphare.fr\/wp-content\/uploads\/2022\/10\/FOURN0179_sac_papier_PM_NOEL_verso-150x150.jpg 150w, https:\/\/www.lepicerieduphare.fr\/wp-content\/uploads\/2022\/10\/FOURN0179_sac_papier_PM_NOEL_verso-768x768.jpg 768w, https:\/\/www.lepicerieduphare.fr\/wp-content\/uploads\/2022\/10\/FOURN0179_sac_papier_PM_NOEL_verso-1536x1536.jpg 1536w, https:\/\/www.lepicerieduphare.fr\/wp-content\/uploads\/2022\/10\/FOURN0179_sac_papier_PM_NOEL_verso-2048x2048.jpg 2048w, https:\/\/www.lepicerieduphare.fr\/wp-content\/uploads\/2022\/10\/FOURN0179_sac_papier_PM_NOEL_verso-1320x1320.jpg 1320w, https:\/\/www.lepicerieduphare.fr\/wp-content\/uploads\/2022\/10\/FOURN0179_sac_papier_PM_NOEL_verso-600x600.jpg 600w, https:\/\/www.lepicerieduphare.fr\/wp-content\/uploads\/2022\/10\/FOURN0179_sac_papier_PM_NOEL_verso-100x100.jpg 100w\" sizes=\"(max-width: 800px) 100vw, 800px\" \/><figcaption id=\"caption-attachment-20691\" class=\"wp-caption-text\">NOEL_casse_noisette_brest_quimper_lanester<\/figcaption><\/figure>\n<p>&nbsp;<\/p>\n<p>Retouvez-\u00e9galement notre fameuse bi\u00e8re* de Noel \u00e0 Brest Quimper et Lanester<\/p>\n<p>&nbsp;<\/p>\n<figure id=\"attachment_20694\" aria-describedby=\"caption-attachment-20694\" style=\"width: 800px\" class=\"wp-caption alignnone\"><img decoding=\"async\" class=\"size-full wp-image-20694\" src=\"https:\/\/www.lepicerieduphare.fr\/wp-content\/uploads\/2022\/10\/COFFRET_BIERE_NOEL_Brest_quimper_lanester_lorient.jpg\" alt=\"COFFRET_BIERE_NOEL_Brest_quimper_lanester_lorient\" width=\"800\" height=\"800\" srcset=\"https:\/\/www.lepicerieduphare.fr\/wp-content\/uploads\/2022\/10\/COFFRET_BIERE_NOEL_Brest_quimper_lanester_lorient.jpg 800w, https:\/\/www.lepicerieduphare.fr\/wp-content\/uploads\/2022\/10\/COFFRET_BIERE_NOEL_Brest_quimper_lanester_lorient-300x300.jpg 300w, https:\/\/www.lepicerieduphare.fr\/wp-content\/uploads\/2022\/10\/COFFRET_BIERE_NOEL_Brest_quimper_lanester_lorient-150x150.jpg 150w, https:\/\/www.lepicerieduphare.fr\/wp-content\/uploads\/2022\/10\/COFFRET_BIERE_NOEL_Brest_quimper_lanester_lorient-768x768.jpg 768w, https:\/\/www.lepicerieduphare.fr\/wp-content\/uploads\/2022\/10\/COFFRET_BIERE_NOEL_Brest_quimper_lanester_lorient-600x600.jpg 600w, https:\/\/www.lepicerieduphare.fr\/wp-content\/uploads\/2022\/10\/COFFRET_BIERE_NOEL_Brest_quimper_lanester_lorient-100x100.jpg 100w\" sizes=\"(max-width: 800px) 100vw, 800px\" \/><figcaption id=\"caption-attachment-20694\" class=\"wp-caption-text\">COFFRET_BIERE_NOEL_Brest_quimper_lanester_lorient<\/figcaption><\/figure>\n<p>&nbsp;<\/p>\n<p><strong>*<b>L&#8217;abus d&#8217;alcool est dangereux pour la sant\u00e9, \u00e0 consommer avec mod\u00e9ration<\/b>. L&#8217;alcool ne doit pas \u00eatre consomm\u00e9e par des femmes enceintes.<\/strong><\/p>\n<figure id=\"attachment_20693\" aria-describedby=\"caption-attachment-20693\" style=\"width: 596px\" class=\"wp-caption alignnone\"><img decoding=\"async\" class=\" wp-image-20693\" src=\"https:\/\/www.lepicerieduphare.fr\/wp-content\/uploads\/2022\/10\/ASACS0014_TOTE_BAG_NOEL_VERT_verso-scaled.jpg\" alt=\"tote bag noel brest quimper lanester\" width=\"596\" height=\"1028\" srcset=\"https:\/\/www.lepicerieduphare.fr\/wp-content\/uploads\/2022\/10\/ASACS0014_TOTE_BAG_NOEL_VERT_verso-scaled.jpg 1484w, https:\/\/www.lepicerieduphare.fr\/wp-content\/uploads\/2022\/10\/ASACS0014_TOTE_BAG_NOEL_VERT_verso-174x300.jpg 174w, https:\/\/www.lepicerieduphare.fr\/wp-content\/uploads\/2022\/10\/ASACS0014_TOTE_BAG_NOEL_VERT_verso-593x1024.jpg 593w, https:\/\/www.lepicerieduphare.fr\/wp-content\/uploads\/2022\/10\/ASACS0014_TOTE_BAG_NOEL_VERT_verso-768x1325.jpg 768w, https:\/\/www.lepicerieduphare.fr\/wp-content\/uploads\/2022\/10\/ASACS0014_TOTE_BAG_NOEL_VERT_verso-890x1536.jpg 890w, https:\/\/www.lepicerieduphare.fr\/wp-content\/uploads\/2022\/10\/ASACS0014_TOTE_BAG_NOEL_VERT_verso-1187x2048.jpg 1187w, https:\/\/www.lepicerieduphare.fr\/wp-content\/uploads\/2022\/10\/ASACS0014_TOTE_BAG_NOEL_VERT_verso-1320x2278.jpg 1320w, https:\/\/www.lepicerieduphare.fr\/wp-content\/uploads\/2022\/10\/ASACS0014_TOTE_BAG_NOEL_VERT_verso-600x1035.jpg 600w\" sizes=\"(max-width: 596px) 100vw, 596px\" \/><figcaption id=\"caption-attachment-20693\" class=\"wp-caption-text\">tote bag noel brest quimper lanester<\/figcaption><\/figure>\n","protected":false},"excerpt":{"rendered":"<p>Nos \u00e9quipes de Brest Quimper Lanester vous proposent chaque ann\u00e9e toute une gamme de produits de Noel sous forme de Paniers&#8230;<\/p>\n","protected":false},"author":1,"featured_media":20695,"comment_status":"closed","ping_status":"closed","sticky":false,"template":"","format":"standard","meta":{"_monsterinsights_skip_tracking":false,"_monsterinsights_sitenote_active":false,"_monsterinsights_sitenote_note":"","_monsterinsights_sitenote_category":0,"_jetpack_memberships_contains_paid_content":false,"footnotes":""},"categories":[128,168,169,222,223],"tags":[],"class_list":["post-20690","post","type-post","status-publish","format-standard","has-post-thumbnail","hentry","category-votre-partenaire-pour-vos-cadeaux-dentreprise-a-brest","category-noel-a-brest","category-paniers-garnis-brest","category-paniers-garnis-lanester","category-paniers-garnis-quimper"],"jetpack_featured_media_url":"https:\/\/www.lepicerieduphare.fr\/wp-content\/uploads\/2022\/10\/coffrets-cadeaux-brest-lanester-quimper.jpg","jetpack_sharing_enabled":true,"_links":{"self":[{"href":"https:\/\/www.lepicerieduphare.fr\/accueil\/wp-json\/wp\/v2\/posts\/20690","targetHints":{"allow":["GET"]}}],"collection":[{"href":"https:\/\/www.lepicerieduphare.fr\/accueil\/wp-json\/wp\/v2\/posts"}],"about":[{"href":"https:\/\/www.lepicerieduphare.fr\/accueil\/wp-json\/wp\/v2\/types\/post"}],"author":[{"embeddable":true,"href":"https:\/\/www.lepicerieduphare.fr\/accueil\/wp-json\/wp\/v2\/users\/1"}],"replies":[{"embeddable":true,"href":"https:\/\/www.lepicerieduphare.fr\/accueil\/wp-json\/wp\/v2\/comments?post=20690"}],"version-history":[{"count":2,"href":"https:\/\/www.lepicerieduphare.fr\/accueil\/wp-json\/wp\/v2\/posts\/20690\/revisions"}],"predecessor-version":[{"id":20697,"href":"https:\/\/www.lepicerieduphare.fr\/accueil\/wp-json\/wp\/v2\/posts\/20690\/revisions\/20697"}],"wp:featuredmedia":[{"embeddable":true,"href":"https:\/\/www.lepicerieduphare.fr\/accueil\/wp-json\/wp\/v2\/media\/20695"}],"wp:attachment":[{"href":"https:\/\/www.lepicerieduphare.fr\/accueil\/wp-json\/wp\/v2\/media?parent=20690"}],"wp:term":[{"taxonomy":"category","embeddable":true,"href":"https:\/\/www.lepicerieduphare.fr\/accueil\/wp-json\/wp\/v2\/categories?post=20690"},{"taxonomy":"post_tag","embeddable":true,"href":"https:\/\/www.lepicerieduphare.fr\/accueil\/wp-json\/wp\/v2\/tags?post=20690"}],"curies":[{"name":"wp","href":"https:\/\/api.w.org\/{rel}","templated":true}]}}