{"id":20397,"date":"2022-07-23T15:23:53","date_gmt":"2022-07-23T13:23:53","guid":{"rendered":"https:\/\/www.lepicerieduphare.fr\/accueil\/?p=20397"},"modified":"2022-07-23T15:25:52","modified_gmt":"2022-07-23T13:25:52","slug":"ouverture-le-comptoir-de-mathilde-a-lanester","status":"publish","type":"post","link":"https:\/\/www.lepicerieduphare.fr\/accueil\/ouverture-le-comptoir-de-mathilde-a-lanester\/","title":{"rendered":"Ouverture Le Comptoir de Mathilde \u00e0 Lanester"},"content":{"rendered":"\n<h2 class=\"wp-block-heading\">Le petit second petit fr\u00e8re du Comptoir de Mathilde Brest vient d&#8217;ouvrir ses portes galerie G\u00e9ant Lanester<\/h2>\n\n\n\n<p>Toute l&#8217;\u00e9quipe attend les gourmands du 56  pour leur faire d\u00e9couvrir toutes nos sp\u00e9cialit\u00e9s chocolat, p\u00e2tes \u00e0 tartiner sans huile de palme, babas au rhum, th\u00e9s, tartinables, rhum, Ap\u00e9ros, huiles, moutardes &#8230;<\/p>\n\n\n\n<figure class=\"wp-block-image size-large\"><img fetchpriority=\"high\" decoding=\"async\" width=\"1024\" height=\"1024\" src=\"https:\/\/www.lepicerieduphare.fr\/wp-content\/uploads\/2022\/07\/292508734_7685528111520244_9189284032232175680_n-1-1024x1024.jpg\" alt=\"Le Comptoir de Mathilde Lanester\" class=\"wp-image-20399\" srcset=\"https:\/\/www.lepicerieduphare.fr\/wp-content\/uploads\/2022\/07\/292508734_7685528111520244_9189284032232175680_n-1-1024x1024.jpg 1024w, https:\/\/www.lepicerieduphare.fr\/wp-content\/uploads\/2022\/07\/292508734_7685528111520244_9189284032232175680_n-1-300x300.jpg 300w, https:\/\/www.lepicerieduphare.fr\/wp-content\/uploads\/2022\/07\/292508734_7685528111520244_9189284032232175680_n-1-150x150.jpg 150w, https:\/\/www.lepicerieduphare.fr\/wp-content\/uploads\/2022\/07\/292508734_7685528111520244_9189284032232175680_n-1-768x768.jpg 768w, https:\/\/www.lepicerieduphare.fr\/wp-content\/uploads\/2022\/07\/292508734_7685528111520244_9189284032232175680_n-1-600x600.jpg 600w, https:\/\/www.lepicerieduphare.fr\/wp-content\/uploads\/2022\/07\/292508734_7685528111520244_9189284032232175680_n-1-100x100.jpg 100w, https:\/\/www.lepicerieduphare.fr\/wp-content\/uploads\/2022\/07\/292508734_7685528111520244_9189284032232175680_n-1.jpg 1040w\" sizes=\"(max-width: 1024px) 100vw, 1024px\" \/><figcaption>l&#8217;\u00e9quipe Le Comptoir de Mathilde Lanester Galerie G\u00e9ant<\/figcaption><\/figure>\n\n\n\n<figure class=\"wp-block-image size-large\"><img decoding=\"async\" width=\"1024\" height=\"491\" src=\"https:\/\/www.lepicerieduphare.fr\/wp-content\/uploads\/2022\/07\/Screenshot-of-Plan-du-centre-commercial-La-Galerie-Geant-Lanester-pres-de-Lorient-1024x491.jpg\" alt=\"Le comptoir de Mathilde Lanester Galerie G\u00e9ant\" class=\"wp-image-20400\" srcset=\"https:\/\/www.lepicerieduphare.fr\/wp-content\/uploads\/2022\/07\/Screenshot-of-Plan-du-centre-commercial-La-Galerie-Geant-Lanester-pres-de-Lorient-1024x491.jpg 1024w, https:\/\/www.lepicerieduphare.fr\/wp-content\/uploads\/2022\/07\/Screenshot-of-Plan-du-centre-commercial-La-Galerie-Geant-Lanester-pres-de-Lorient-300x144.jpg 300w, https:\/\/www.lepicerieduphare.fr\/wp-content\/uploads\/2022\/07\/Screenshot-of-Plan-du-centre-commercial-La-Galerie-Geant-Lanester-pres-de-Lorient-768x368.jpg 768w, https:\/\/www.lepicerieduphare.fr\/wp-content\/uploads\/2022\/07\/Screenshot-of-Plan-du-centre-commercial-La-Galerie-Geant-Lanester-pres-de-Lorient-600x288.jpg 600w, https:\/\/www.lepicerieduphare.fr\/wp-content\/uploads\/2022\/07\/Screenshot-of-Plan-du-centre-commercial-La-Galerie-Geant-Lanester-pres-de-Lorient.jpg 1256w\" sizes=\"(max-width: 1024px) 100vw, 1024px\" \/><figcaption>Le comptoir de Mathilde Lanester Galerie G\u00e9ant<\/figcaption><\/figure>\n","protected":false},"excerpt":{"rendered":"<p>Le petit second petit fr\u00e8re du Comptoir de Mathilde Brest vient d&#8217;ouvrir ses portes galerie G\u00e9ant Lanester Toute l&#8217;\u00e9quipe attend les&#8230;<\/p>\n","protected":false},"author":1,"featured_media":20398,"comment_status":"closed","ping_status":"closed","sticky":false,"template":"","format":"standard","meta":{"_monsterinsights_skip_tracking":false,"_monsterinsights_sitenote_active":false,"_monsterinsights_sitenote_note":"","_monsterinsights_sitenote_category":0,"_jetpack_memberships_contains_paid_content":false,"footnotes":""},"categories":[163,221,109,169],"tags":[],"class_list":["post-20397","post","type-post","status-publish","format-standard","has-post-thumbnail","hentry","category-cadeaux-daffaires-brest","category-chocolat-lanester","category-les-news-du-comptoir-de-mathilde-brest","category-paniers-garnis-brest"],"jetpack_featured_media_url":"https:\/\/www.lepicerieduphare.fr\/wp-content\/uploads\/2022\/07\/facade2.jpg","jetpack_sharing_enabled":true,"_links":{"self":[{"href":"https:\/\/www.lepicerieduphare.fr\/accueil\/wp-json\/wp\/v2\/posts\/20397","targetHints":{"allow":["GET"]}}],"collection":[{"href":"https:\/\/www.lepicerieduphare.fr\/accueil\/wp-json\/wp\/v2\/posts"}],"about":[{"href":"https:\/\/www.lepicerieduphare.fr\/accueil\/wp-json\/wp\/v2\/types\/post"}],"author":[{"embeddable":true,"href":"https:\/\/www.lepicerieduphare.fr\/accueil\/wp-json\/wp\/v2\/users\/1"}],"replies":[{"embeddable":true,"href":"https:\/\/www.lepicerieduphare.fr\/accueil\/wp-json\/wp\/v2\/comments?post=20397"}],"version-history":[{"count":2,"href":"https:\/\/www.lepicerieduphare.fr\/accueil\/wp-json\/wp\/v2\/posts\/20397\/revisions"}],"predecessor-version":[{"id":20403,"href":"https:\/\/www.lepicerieduphare.fr\/accueil\/wp-json\/wp\/v2\/posts\/20397\/revisions\/20403"}],"wp:featuredmedia":[{"embeddable":true,"href":"https:\/\/www.lepicerieduphare.fr\/accueil\/wp-json\/wp\/v2\/media\/20398"}],"wp:attachment":[{"href":"https:\/\/www.lepicerieduphare.fr\/accueil\/wp-json\/wp\/v2\/media?parent=20397"}],"wp:term":[{"taxonomy":"category","embeddable":true,"href":"https:\/\/www.lepicerieduphare.fr\/accueil\/wp-json\/wp\/v2\/categories?post=20397"},{"taxonomy":"post_tag","embeddable":true,"href":"https:\/\/www.lepicerieduphare.fr\/accueil\/wp-json\/wp\/v2\/tags?post=20397"}],"curies":[{"name":"wp","href":"https:\/\/api.w.org\/{rel}","templated":true}]}}