{"id":20370,"date":"2022-05-14T10:39:57","date_gmt":"2022-05-14T08:39:57","guid":{"rendered":"https:\/\/www.lepicerieduphare.fr\/accueil\/?p=20370"},"modified":"2022-05-14T10:41:08","modified_gmt":"2022-05-14T08:41:08","slug":"fete-des-meres-brest","status":"publish","type":"post","link":"https:\/\/www.lepicerieduphare.fr\/accueil\/fete-des-meres-brest\/","title":{"rendered":"F\u00eate des m\u00e8res Brest"},"content":{"rendered":"\n<h2 class=\"wp-block-heading\" id=\"des-cadeaux-gourmands-pour-la-fete-des-meres-a-brest\">Des cadeaux gourmands pour la f\u00eate des m\u00e8res \u00e0 Brest<\/h2>\n\n\n\n<p>Imaginez-vous, le jour de la f\u00eate des m\u00e8res\u2026<\/p>\n\n\n\n<p>(et oui ; \u00e7a approche !)<\/p>\n\n\n\n<p>Un grand verre de th\u00e9 glac\u00e9 \u00e0 la main, un carr\u00e9 de chocolat (ou plusieurs !), votre maman ador\u00e9e (le plus important\u2026) et le tour est jou\u00e9, vous voil\u00e0 dans un moment de partage gourmand et r\u00e9ussi. \ud83e\udd70<\/p>\n\n\n\n<p>Pour retrouver nos th\u00e9s glac\u00e9s, rendez-vous vite en boutique !<\/p>\n\n\n\n<figure class=\"wp-block-image size-large\"><img fetchpriority=\"high\" decoding=\"async\" width=\"1024\" height=\"1024\" src=\"https:\/\/www.lepicerieduphare.fr\/wp-content\/uploads\/2022\/05\/the_glace_brest-1024x1024.jpg\" alt=\"th\u00e9 glac\u00e9 Brest\" class=\"wp-image-20371\" srcset=\"https:\/\/www.lepicerieduphare.fr\/wp-content\/uploads\/2022\/05\/the_glace_brest-1024x1024.jpg 1024w, https:\/\/www.lepicerieduphare.fr\/wp-content\/uploads\/2022\/05\/the_glace_brest-300x300.jpg 300w, https:\/\/www.lepicerieduphare.fr\/wp-content\/uploads\/2022\/05\/the_glace_brest-150x150.jpg 150w, https:\/\/www.lepicerieduphare.fr\/wp-content\/uploads\/2022\/05\/the_glace_brest-768x768.jpg 768w, https:\/\/www.lepicerieduphare.fr\/wp-content\/uploads\/2022\/05\/the_glace_brest-600x600.jpg 600w, https:\/\/www.lepicerieduphare.fr\/wp-content\/uploads\/2022\/05\/the_glace_brest-100x100.jpg 100w, https:\/\/www.lepicerieduphare.fr\/wp-content\/uploads\/2022\/05\/the_glace_brest.jpg 1080w\" sizes=\"(max-width: 1024px) 100vw, 1024px\" \/><figcaption>Th\u00e9 glac\u00e9 Brest<\/figcaption><\/figure>\n\n\n\n<p>Pour la f\u00eate des m\u00e8res, r\u00e9alisez un brunch gourmand pour g\u00e2ter celle dont les recettes ont berc\u00e9 votre enfance.<\/p>\n\n\n\n<p>Simple \u00e0 r\u00e9aliser, originale et gourmande, nous avons la recette qu\u2019il vous faut : des gaufres sal\u00e9es \u00e0 la courgette, joliment pr\u00e9sent\u00e9es pour faire fondre le \u2764 de votre maman.<\/p>\n\n\n\n<p>Le craquant de la gaufre alli\u00e9 \u00e0 la douceur de notre tartinable de courgettes grill\u00e9es au miel, le tout relev\u00e9 par notre Mathildette ap\u00e9ro Marrakech\u2026 le combo parfait !<\/p>\n\n\n\n<p>Retrouvez les \u00e9tapes de la recette sur notre site et entra\u00eenez-vous, il vous reste un peu plus de deux semaines pour \u00eatre au top.<\/p>\n\n\n\n<p>Nous vous donnons rendez-vous au c\u0153ur de notre boutique, pour retrouver les ingr\u00e9dients pour r\u00e9aliser cette jolie recette \u00e0 votre maman ! \ud83d\ude0b<\/p>\n\n\n\n<p>Bonne d\u00e9gustation !<\/p>\n\n\n\n<p>#ideerecette #recette #aperitif #fetedesmeres #gaufre #miam #lecomptoirdemathilde #food #foodlovers<\/p>\n","protected":false},"excerpt":{"rendered":"<p>Des cadeaux gourmands pour la f\u00eate des m\u00e8res \u00e0 Brest Imaginez-vous, le jour de la f\u00eate des m\u00e8res\u2026 (et oui ;&#8230;<\/p>\n","protected":false},"author":1,"featured_media":20372,"comment_status":"closed","ping_status":"closed","sticky":false,"template":"","format":"standard","meta":{"_monsterinsights_skip_tracking":false,"_monsterinsights_sitenote_active":false,"_monsterinsights_sitenote_note":"","_monsterinsights_sitenote_category":0,"_jetpack_memberships_contains_paid_content":false,"footnotes":""},"categories":[128,158,220],"tags":[],"class_list":["post-20370","post","type-post","status-publish","format-standard","has-post-thumbnail","hentry","category-votre-partenaire-pour-vos-cadeaux-dentreprise-a-brest","category-fete-des-meres-a-brest","category-the-glace-brest"],"jetpack_featured_media_url":"https:\/\/www.lepicerieduphare.fr\/wp-content\/uploads\/2022\/05\/fete-des_meres_a_quimper.jpg","jetpack_sharing_enabled":true,"_links":{"self":[{"href":"https:\/\/www.lepicerieduphare.fr\/accueil\/wp-json\/wp\/v2\/posts\/20370","targetHints":{"allow":["GET"]}}],"collection":[{"href":"https:\/\/www.lepicerieduphare.fr\/accueil\/wp-json\/wp\/v2\/posts"}],"about":[{"href":"https:\/\/www.lepicerieduphare.fr\/accueil\/wp-json\/wp\/v2\/types\/post"}],"author":[{"embeddable":true,"href":"https:\/\/www.lepicerieduphare.fr\/accueil\/wp-json\/wp\/v2\/users\/1"}],"replies":[{"embeddable":true,"href":"https:\/\/www.lepicerieduphare.fr\/accueil\/wp-json\/wp\/v2\/comments?post=20370"}],"version-history":[{"count":1,"href":"https:\/\/www.lepicerieduphare.fr\/accueil\/wp-json\/wp\/v2\/posts\/20370\/revisions"}],"predecessor-version":[{"id":20373,"href":"https:\/\/www.lepicerieduphare.fr\/accueil\/wp-json\/wp\/v2\/posts\/20370\/revisions\/20373"}],"wp:featuredmedia":[{"embeddable":true,"href":"https:\/\/www.lepicerieduphare.fr\/accueil\/wp-json\/wp\/v2\/media\/20372"}],"wp:attachment":[{"href":"https:\/\/www.lepicerieduphare.fr\/accueil\/wp-json\/wp\/v2\/media?parent=20370"}],"wp:term":[{"taxonomy":"category","embeddable":true,"href":"https:\/\/www.lepicerieduphare.fr\/accueil\/wp-json\/wp\/v2\/categories?post=20370"},{"taxonomy":"post_tag","embeddable":true,"href":"https:\/\/www.lepicerieduphare.fr\/accueil\/wp-json\/wp\/v2\/tags?post=20370"}],"curies":[{"name":"wp","href":"https:\/\/api.w.org\/{rel}","templated":true}]}}