{"id":20010,"date":"2021-07-18T12:59:13","date_gmt":"2021-07-18T10:59:13","guid":{"rendered":"https:\/\/www.lepicerieduphare.fr\/accueil\/?p=20010"},"modified":"2021-07-18T13:19:38","modified_gmt":"2021-07-18T11:19:38","slug":"ouverture-du-comptoir-de-mathilde-quimper","status":"publish","type":"post","link":"https:\/\/www.lepicerieduphare.fr\/accueil\/ouverture-du-comptoir-de-mathilde-quimper\/","title":{"rendered":"Ouverture du Comptoir de Mathilde Quimper"},"content":{"rendered":"\n<p>Le Comptoire de Mathilde Brest vous annonce l&#8217;arriv\u00e9e de son petit fr\u00e8re 6 rue K\u00e9r\u00e9on \u00e0 Quimper au pied de la cath\u00e9drale. Eric, Sandrine et Marion sont pr\u00eats pour cette nouvelle aventure et les lichouseries n&#8217;attendent que vous !<\/p>\n\n\n\n<p><a href=\"https:\/\/www.facebook.com\/lecomptoirdemathildequimper\" target=\"_blank\" rel=\"noopener\">https:\/\/www.facebook.com\/lecomptoirdemathildequimper<\/a><\/p>\n\n\n\n<p><a href=\"https:\/\/www.instagram.com\/lecomptoirdemathildequimper\/\" target=\"_blank\" rel=\"noopener\">https:\/\/www.instagram.com\/lecomptoirdemathildequimper\/<\/a><\/p>\n\n\n\n<figure class=\"wp-block-gallery columns-3 is-cropped wp-block-gallery-1 is-layout-flex wp-block-gallery-is-layout-flex\"><ul class=\"blocks-gallery-grid\"><li class=\"blocks-gallery-item\"><figure><img fetchpriority=\"high\" decoding=\"async\" width=\"640\" height=\"480\" src=\"https:\/\/www.lepicerieduphare.fr\/wp-content\/uploads\/2021\/07\/hthutht.jpg\" alt=\"\" data-id=\"20012\" data-link=\"https:\/\/www.lepicerieduphare.fr\/accueil\/?attachment_id=20012\" class=\"wp-image-20012\" srcset=\"https:\/\/www.lepicerieduphare.fr\/wp-content\/uploads\/2021\/07\/hthutht.jpg 640w, https:\/\/www.lepicerieduphare.fr\/wp-content\/uploads\/2021\/07\/hthutht-600x450.jpg 600w, https:\/\/www.lepicerieduphare.fr\/wp-content\/uploads\/2021\/07\/hthutht-300x225.jpg 300w\" sizes=\"(max-width: 640px) 100vw, 640px\" \/><\/figure><\/li><li class=\"blocks-gallery-item\"><figure><img decoding=\"async\" width=\"640\" height=\"480\" src=\"https:\/\/www.lepicerieduphare.fr\/wp-content\/uploads\/2021\/07\/suite6.jpg\" alt=\"\" data-id=\"20015\" data-link=\"https:\/\/www.lepicerieduphare.fr\/accueil\/?attachment_id=20015\" class=\"wp-image-20015\" srcset=\"https:\/\/www.lepicerieduphare.fr\/wp-content\/uploads\/2021\/07\/suite6.jpg 640w, https:\/\/www.lepicerieduphare.fr\/wp-content\/uploads\/2021\/07\/suite6-600x450.jpg 600w, https:\/\/www.lepicerieduphare.fr\/wp-content\/uploads\/2021\/07\/suite6-300x225.jpg 300w\" sizes=\"(max-width: 640px) 100vw, 640px\" \/><\/figure><\/li><li class=\"blocks-gallery-item\"><figure><img decoding=\"async\" width=\"640\" height=\"480\" src=\"https:\/\/www.lepicerieduphare.fr\/wp-content\/uploads\/2021\/07\/suite8.jpg\" alt=\"\" data-id=\"20016\" data-link=\"https:\/\/www.lepicerieduphare.fr\/accueil\/?attachment_id=20016\" class=\"wp-image-20016\" srcset=\"https:\/\/www.lepicerieduphare.fr\/wp-content\/uploads\/2021\/07\/suite8.jpg 640w, https:\/\/www.lepicerieduphare.fr\/wp-content\/uploads\/2021\/07\/suite8-600x450.jpg 600w, https:\/\/www.lepicerieduphare.fr\/wp-content\/uploads\/2021\/07\/suite8-300x225.jpg 300w\" sizes=\"(max-width: 640px) 100vw, 640px\" \/><\/figure><\/li><li class=\"blocks-gallery-item\"><figure><img loading=\"lazy\" decoding=\"async\" width=\"640\" height=\"480\" src=\"https:\/\/www.lepicerieduphare.fr\/wp-content\/uploads\/2021\/07\/suite3.jpg\" alt=\"\" data-id=\"20017\" data-link=\"https:\/\/www.lepicerieduphare.fr\/accueil\/?attachment_id=20017\" class=\"wp-image-20017\" srcset=\"https:\/\/www.lepicerieduphare.fr\/wp-content\/uploads\/2021\/07\/suite3.jpg 640w, https:\/\/www.lepicerieduphare.fr\/wp-content\/uploads\/2021\/07\/suite3-600x450.jpg 600w, https:\/\/www.lepicerieduphare.fr\/wp-content\/uploads\/2021\/07\/suite3-300x225.jpg 300w\" sizes=\"(max-width: 640px) 100vw, 640px\" \/><\/figure><\/li><li class=\"blocks-gallery-item\"><figure><img loading=\"lazy\" decoding=\"async\" width=\"640\" height=\"480\" src=\"https:\/\/www.lepicerieduphare.fr\/wp-content\/uploads\/2021\/07\/hrykyuhrjyjtryhr.jpg\" alt=\"\" data-id=\"20018\" data-link=\"https:\/\/www.lepicerieduphare.fr\/accueil\/?attachment_id=20018\" class=\"wp-image-20018\" srcset=\"https:\/\/www.lepicerieduphare.fr\/wp-content\/uploads\/2021\/07\/hrykyuhrjyjtryhr.jpg 640w, https:\/\/www.lepicerieduphare.fr\/wp-content\/uploads\/2021\/07\/hrykyuhrjyjtryhr-600x450.jpg 600w, https:\/\/www.lepicerieduphare.fr\/wp-content\/uploads\/2021\/07\/hrykyuhrjyjtryhr-300x225.jpg 300w\" sizes=\"(max-width: 640px) 100vw, 640px\" \/><\/figure><\/li><li class=\"blocks-gallery-item\"><figure><img loading=\"lazy\" decoding=\"async\" width=\"640\" height=\"480\" src=\"https:\/\/www.lepicerieduphare.fr\/wp-content\/uploads\/2021\/07\/hththththtyjytj.jpg\" alt=\"\" data-id=\"20019\" data-full-url=\"https:\/\/www.lepicerieduphare.fr\/wp-content\/uploads\/2021\/07\/hththththtyjytj.jpg\" data-link=\"https:\/\/www.lepicerieduphare.fr\/accueil\/?attachment_id=20019\" class=\"wp-image-20019\" srcset=\"https:\/\/www.lepicerieduphare.fr\/wp-content\/uploads\/2021\/07\/hththththtyjytj.jpg 640w, https:\/\/www.lepicerieduphare.fr\/wp-content\/uploads\/2021\/07\/hththththtyjytj-600x450.jpg 600w, https:\/\/www.lepicerieduphare.fr\/wp-content\/uploads\/2021\/07\/hththththtyjytj-300x225.jpg 300w\" sizes=\"(max-width: 640px) 100vw, 640px\" \/><\/figure><\/li><li class=\"blocks-gallery-item\"><figure><img loading=\"lazy\" decoding=\"async\" width=\"640\" height=\"480\" src=\"https:\/\/www.lepicerieduphare.fr\/wp-content\/uploads\/2021\/07\/hfrjyjfrgjoukut.jpg\" alt=\"\" data-id=\"20013\" data-link=\"https:\/\/www.lepicerieduphare.fr\/accueil\/?attachment_id=20013\" class=\"wp-image-20013\" srcset=\"https:\/\/www.lepicerieduphare.fr\/wp-content\/uploads\/2021\/07\/hfrjyjfrgjoukut.jpg 640w, https:\/\/www.lepicerieduphare.fr\/wp-content\/uploads\/2021\/07\/hfrjyjfrgjoukut-600x450.jpg 600w, https:\/\/www.lepicerieduphare.fr\/wp-content\/uploads\/2021\/07\/hfrjyjfrgjoukut-300x225.jpg 300w\" sizes=\"(max-width: 640px) 100vw, 640px\" \/><\/figure><\/li><\/ul><\/figure>\n","protected":false},"excerpt":{"rendered":"<p>Le Comptoire de Mathilde Brest vous annonce l&#8217;arriv\u00e9e de son petit fr\u00e8re 6 rue K\u00e9r\u00e9on \u00e0 Quimper au pied de la&#8230;<\/p>\n","protected":false},"author":1,"featured_media":20011,"comment_status":"closed","ping_status":"closed","sticky":false,"template":"","format":"standard","meta":{"_monsterinsights_skip_tracking":false,"_monsterinsights_sitenote_active":false,"_monsterinsights_sitenote_note":"","_monsterinsights_sitenote_category":0,"_jetpack_memberships_contains_paid_content":false,"footnotes":""},"categories":[180,128,109],"tags":[],"class_list":["post-20010","post","type-post","status-publish","format-standard","has-post-thumbnail","hentry","category-chocolaterie-quimper","category-votre-partenaire-pour-vos-cadeaux-dentreprise-a-brest","category-les-news-du-comptoir-de-mathilde-brest"],"jetpack_featured_media_url":"https:\/\/www.lepicerieduphare.fr\/wp-content\/uploads\/2021\/07\/dgtyjyhfhtjyt.jpg","jetpack_sharing_enabled":true,"_links":{"self":[{"href":"https:\/\/www.lepicerieduphare.fr\/accueil\/wp-json\/wp\/v2\/posts\/20010","targetHints":{"allow":["GET"]}}],"collection":[{"href":"https:\/\/www.lepicerieduphare.fr\/accueil\/wp-json\/wp\/v2\/posts"}],"about":[{"href":"https:\/\/www.lepicerieduphare.fr\/accueil\/wp-json\/wp\/v2\/types\/post"}],"author":[{"embeddable":true,"href":"https:\/\/www.lepicerieduphare.fr\/accueil\/wp-json\/wp\/v2\/users\/1"}],"replies":[{"embeddable":true,"href":"https:\/\/www.lepicerieduphare.fr\/accueil\/wp-json\/wp\/v2\/comments?post=20010"}],"version-history":[{"count":2,"href":"https:\/\/www.lepicerieduphare.fr\/accueil\/wp-json\/wp\/v2\/posts\/20010\/revisions"}],"predecessor-version":[{"id":20022,"href":"https:\/\/www.lepicerieduphare.fr\/accueil\/wp-json\/wp\/v2\/posts\/20010\/revisions\/20022"}],"wp:featuredmedia":[{"embeddable":true,"href":"https:\/\/www.lepicerieduphare.fr\/accueil\/wp-json\/wp\/v2\/media\/20011"}],"wp:attachment":[{"href":"https:\/\/www.lepicerieduphare.fr\/accueil\/wp-json\/wp\/v2\/media?parent=20010"}],"wp:term":[{"taxonomy":"category","embeddable":true,"href":"https:\/\/www.lepicerieduphare.fr\/accueil\/wp-json\/wp\/v2\/categories?post=20010"},{"taxonomy":"post_tag","embeddable":true,"href":"https:\/\/www.lepicerieduphare.fr\/accueil\/wp-json\/wp\/v2\/tags?post=20010"}],"curies":[{"name":"wp","href":"https:\/\/api.w.org\/{rel}","templated":true}]}}