{"id":20004,"date":"2021-06-19T23:30:49","date_gmt":"2021-06-19T21:30:49","guid":{"rendered":"https:\/\/www.lepicerieduphare.fr\/accueil\/?p=20004"},"modified":"2021-06-19T23:30:55","modified_gmt":"2021-06-19T21:30:55","slug":"la-fete-des-peres-cest-demain","status":"publish","type":"post","link":"https:\/\/www.lepicerieduphare.fr\/accueil\/la-fete-des-peres-cest-demain\/","title":{"rendered":"La f\u00eate des p\u00e8res c&#8217;est demain !"},"content":{"rendered":"\n<p>La f\u00eate des papas \u00e0 Brest approche \u00e0 grands pas \ud83e\uddb6<\/p>\n\n\n\n<p>Si vous avez oubli\u00e9 la date, on se charge de vous la rappeler \ud83d\ude09 : ce sera le 20 juin prochain ! \ud83c\udf89<\/p>\n\n\n\n<p>Notre \u00e9quipe vous a concoct\u00e9 de nombreuses surprises et de nouvelles gourmandises (.. ou plut\u00f4t, a concoct\u00e9 pour votre papa \ud83d\ude05 m\u00eame si nous connaissons votre graaaande gourmandise \ud83e\udd24 )<\/p>\n\n\n\n<p>Venez vite d\u00e9couvrir notre s\u00e9lection ! \ud83c\udf6b\ud83c\udf80<\/p>\n\n\n\n<p>#lecomptoirdemathilde #papa #fetedesperes #fetedespapas #papa #fetedesperes #cadeaux<\/p>\n\n\n\n<figure class=\"wp-block-image size-large\"><img fetchpriority=\"high\" decoding=\"async\" width=\"1024\" height=\"1024\" src=\"https:\/\/www.lepicerieduphare.fr\/wp-content\/uploads\/2021\/06\/biere-fete-des-peres-brest-1024x1024.jpg\" alt=\"\" class=\"wp-image-20006\" srcset=\"https:\/\/www.lepicerieduphare.fr\/wp-content\/uploads\/2021\/06\/biere-fete-des-peres-brest-1024x1024.jpg 1024w, https:\/\/www.lepicerieduphare.fr\/wp-content\/uploads\/2021\/06\/biere-fete-des-peres-brest-300x300.jpg 300w, https:\/\/www.lepicerieduphare.fr\/wp-content\/uploads\/2021\/06\/biere-fete-des-peres-brest-100x100.jpg 100w, https:\/\/www.lepicerieduphare.fr\/wp-content\/uploads\/2021\/06\/biere-fete-des-peres-brest-600x600.jpg 600w, https:\/\/www.lepicerieduphare.fr\/wp-content\/uploads\/2021\/06\/biere-fete-des-peres-brest-150x150.jpg 150w, https:\/\/www.lepicerieduphare.fr\/wp-content\/uploads\/2021\/06\/biere-fete-des-peres-brest-768x768.jpg 768w, https:\/\/www.lepicerieduphare.fr\/wp-content\/uploads\/2021\/06\/biere-fete-des-peres-brest.jpg 1080w\" sizes=\"(max-width: 1024px) 100vw, 1024px\" \/><figcaption>1<\/figcaption><\/figure>\n","protected":false},"excerpt":{"rendered":"<p>La f\u00eate des papas \u00e0 Brest approche \u00e0 grands pas \ud83e\uddb6 Si vous avez oubli\u00e9 la date, on se charge de&#8230;<\/p>\n","protected":false},"author":1,"featured_media":20005,"comment_status":"closed","ping_status":"closed","sticky":false,"template":"","format":"standard","meta":{"_monsterinsights_skip_tracking":false,"_monsterinsights_sitenote_active":false,"_monsterinsights_sitenote_note":"","_monsterinsights_sitenote_category":0,"_jetpack_memberships_contains_paid_content":false,"footnotes":""},"categories":[129,128,160,109],"tags":[],"class_list":["post-20004","post","type-post","status-publish","format-standard","has-post-thumbnail","hentry","category-cadeaux-chocolat-brest","category-votre-partenaire-pour-vos-cadeaux-dentreprise-a-brest","category-fete-des-peres-brest","category-les-news-du-comptoir-de-mathilde-brest"],"jetpack_featured_media_url":"https:\/\/www.lepicerieduphare.fr\/wp-content\/uploads\/2021\/06\/fetes-des-papas-brest.jpg","jetpack_sharing_enabled":true,"_links":{"self":[{"href":"https:\/\/www.lepicerieduphare.fr\/accueil\/wp-json\/wp\/v2\/posts\/20004","targetHints":{"allow":["GET"]}}],"collection":[{"href":"https:\/\/www.lepicerieduphare.fr\/accueil\/wp-json\/wp\/v2\/posts"}],"about":[{"href":"https:\/\/www.lepicerieduphare.fr\/accueil\/wp-json\/wp\/v2\/types\/post"}],"author":[{"embeddable":true,"href":"https:\/\/www.lepicerieduphare.fr\/accueil\/wp-json\/wp\/v2\/users\/1"}],"replies":[{"embeddable":true,"href":"https:\/\/www.lepicerieduphare.fr\/accueil\/wp-json\/wp\/v2\/comments?post=20004"}],"version-history":[{"count":1,"href":"https:\/\/www.lepicerieduphare.fr\/accueil\/wp-json\/wp\/v2\/posts\/20004\/revisions"}],"predecessor-version":[{"id":20007,"href":"https:\/\/www.lepicerieduphare.fr\/accueil\/wp-json\/wp\/v2\/posts\/20004\/revisions\/20007"}],"wp:featuredmedia":[{"embeddable":true,"href":"https:\/\/www.lepicerieduphare.fr\/accueil\/wp-json\/wp\/v2\/media\/20005"}],"wp:attachment":[{"href":"https:\/\/www.lepicerieduphare.fr\/accueil\/wp-json\/wp\/v2\/media?parent=20004"}],"wp:term":[{"taxonomy":"category","embeddable":true,"href":"https:\/\/www.lepicerieduphare.fr\/accueil\/wp-json\/wp\/v2\/categories?post=20004"},{"taxonomy":"post_tag","embeddable":true,"href":"https:\/\/www.lepicerieduphare.fr\/accueil\/wp-json\/wp\/v2\/tags?post=20004"}],"curies":[{"name":"wp","href":"https:\/\/api.w.org\/{rel}","templated":true}]}}