{"id":19043,"date":"2020-06-14T16:36:16","date_gmt":"2020-06-14T14:36:16","guid":{"rendered":"https:\/\/www.lepicerieduphare.fr\/?p=19043"},"modified":"2020-06-14T16:36:21","modified_gmt":"2020-06-14T14:36:21","slug":"fetes-des-papas-brest","status":"publish","type":"post","link":"https:\/\/www.lepicerieduphare.fr\/accueil\/fetes-des-papas-brest\/","title":{"rendered":"F\u00eates des papas Brest"},"content":{"rendered":"\n<h2 class=\"wp-block-heading\">Pour la f\u00eate des p\u00e8res \u00e0 Brest,<\/h2>\n\n\n\n<p>votre artisan chocolatier, Le Comptoir de Mathilde, vous propose de d\u00e9couvrir ses nouvelles tablettes sp\u00e9ciales f\u00eate des p\u00e8res, r\u00e9alis\u00e9es et imagin\u00e9es dans notre fabrique en Provence.<\/p>\n\n\n\n<figure class=\"wp-block-image size-large\"><img fetchpriority=\"high\" decoding=\"async\" width=\"1024\" height=\"1024\" src=\"https:\/\/www.lepicerieduphare.fr\/wp-content\/uploads\/2020\/06\/3.-Mardi-16-Juin-1024x1024.jpg\" alt=\"\" class=\"wp-image-19044\" srcset=\"https:\/\/www.lepicerieduphare.fr\/wp-content\/uploads\/2020\/06\/3.-Mardi-16-Juin-1024x1024.jpg 1024w, https:\/\/www.lepicerieduphare.fr\/wp-content\/uploads\/2020\/06\/3.-Mardi-16-Juin-scaled-300x300.jpg 300w, https:\/\/www.lepicerieduphare.fr\/wp-content\/uploads\/2020\/06\/3.-Mardi-16-Juin-scaled-100x100.jpg 100w, https:\/\/www.lepicerieduphare.fr\/wp-content\/uploads\/2020\/06\/3.-Mardi-16-Juin-scaled-600x600.jpg 600w, https:\/\/www.lepicerieduphare.fr\/wp-content\/uploads\/2020\/06\/3.-Mardi-16-Juin-150x150.jpg 150w, https:\/\/www.lepicerieduphare.fr\/wp-content\/uploads\/2020\/06\/3.-Mardi-16-Juin-768x768.jpg 768w, https:\/\/www.lepicerieduphare.fr\/wp-content\/uploads\/2020\/06\/3.-Mardi-16-Juin-1536x1536.jpg 1536w, https:\/\/www.lepicerieduphare.fr\/wp-content\/uploads\/2020\/06\/3.-Mardi-16-Juin-2048x2048.jpg 2048w, https:\/\/www.lepicerieduphare.fr\/wp-content\/uploads\/2020\/06\/3.-Mardi-16-Juin-1320x1320.jpg 1320w\" sizes=\"(max-width: 1024px) 100vw, 1024px\" \/><figcaption>fetes des peres<\/figcaption><\/figure>\n\n\n\n<p>100% fran\u00e7aises et gourmandes !<\/p>\n\n\n\n<p>Plus qu&#8217;une semaine avant le 21 juin !<\/p>\n","protected":false},"excerpt":{"rendered":"<p>Pour la f\u00eate des p\u00e8res \u00e0 Brest, votre artisan chocolatier, Le Comptoir de Mathilde, vous propose de d\u00e9couvrir ses nouvelles tablettes&#8230;<\/p>\n","protected":false},"author":1,"featured_media":19045,"comment_status":"closed","ping_status":"closed","sticky":false,"template":"","format":"standard","meta":{"_monsterinsights_skip_tracking":false,"_monsterinsights_sitenote_active":false,"_monsterinsights_sitenote_note":"","_monsterinsights_sitenote_category":0,"_jetpack_memberships_contains_paid_content":false,"footnotes":""},"categories":[128,160],"tags":[],"class_list":["post-19043","post","type-post","status-publish","format-standard","has-post-thumbnail","hentry","category-votre-partenaire-pour-vos-cadeaux-dentreprise-a-brest","category-fete-des-peres-brest"],"jetpack_featured_media_url":"https:\/\/www.lepicerieduphare.fr\/wp-content\/uploads\/2020\/06\/BANDEAU-EVENT_FDP.jpg","jetpack_sharing_enabled":true,"_links":{"self":[{"href":"https:\/\/www.lepicerieduphare.fr\/accueil\/wp-json\/wp\/v2\/posts\/19043","targetHints":{"allow":["GET"]}}],"collection":[{"href":"https:\/\/www.lepicerieduphare.fr\/accueil\/wp-json\/wp\/v2\/posts"}],"about":[{"href":"https:\/\/www.lepicerieduphare.fr\/accueil\/wp-json\/wp\/v2\/types\/post"}],"author":[{"embeddable":true,"href":"https:\/\/www.lepicerieduphare.fr\/accueil\/wp-json\/wp\/v2\/users\/1"}],"replies":[{"embeddable":true,"href":"https:\/\/www.lepicerieduphare.fr\/accueil\/wp-json\/wp\/v2\/comments?post=19043"}],"version-history":[{"count":1,"href":"https:\/\/www.lepicerieduphare.fr\/accueil\/wp-json\/wp\/v2\/posts\/19043\/revisions"}],"predecessor-version":[{"id":19046,"href":"https:\/\/www.lepicerieduphare.fr\/accueil\/wp-json\/wp\/v2\/posts\/19043\/revisions\/19046"}],"wp:featuredmedia":[{"embeddable":true,"href":"https:\/\/www.lepicerieduphare.fr\/accueil\/wp-json\/wp\/v2\/media\/19045"}],"wp:attachment":[{"href":"https:\/\/www.lepicerieduphare.fr\/accueil\/wp-json\/wp\/v2\/media?parent=19043"}],"wp:term":[{"taxonomy":"category","embeddable":true,"href":"https:\/\/www.lepicerieduphare.fr\/accueil\/wp-json\/wp\/v2\/categories?post=19043"},{"taxonomy":"post_tag","embeddable":true,"href":"https:\/\/www.lepicerieduphare.fr\/accueil\/wp-json\/wp\/v2\/tags?post=19043"}],"curies":[{"name":"wp","href":"https:\/\/api.w.org\/{rel}","templated":true}]}}