{"id":19006,"date":"2020-05-24T12:57:12","date_gmt":"2020-05-24T10:57:12","guid":{"rendered":"https:\/\/www.lepicerieduphare.fr\/?p=19006"},"modified":"2020-05-24T12:57:56","modified_gmt":"2020-05-24T10:57:56","slug":"fetes-des-mamans-brest","status":"publish","type":"post","link":"https:\/\/www.lepicerieduphare.fr\/accueil\/fetes-des-mamans-brest\/","title":{"rendered":"F\u00eates des mamans Brest"},"content":{"rendered":"\n<p>Dimanche 7 juin 2020&nbsp;\ud83c\udf3a<\/p>\n\n\n\n<p><br>\ud83c\udf3aF\u00eates des mamans, et oui, c&#8217;est dans moins d&#8217;un mois !&nbsp;\ud83c\udf3c<\/p>\n\n\n\n<h2 class=\"wp-block-heading\">Un large choix de cadeaux pour la f\u00eates des m\u00e8res \u00e0 Brest qui fera sensation !!\ud83c\udf3a<\/h2>\n\n\n\n<p>Elle est plut\u00f4t sucr\u00e9 ou sal\u00e9 ?<br>Ap\u00e9ro ou go\u00fbter ?<br>Composez lui un panier garni avec tout ce qu&#8217;elle aime&nbsp;\ud83d\udc93!<\/p>\n\n\n\n<p>Chocolat, biscuit, cake, confiture, meringue, th\u00e9, p\u00e2te de fruits, mendiants, tartinable, terrine, huile, vinaigre, moutarde, ou encore Baba au rhum, cannel\u00e9, cr\u00eape Suzette&#8230;<\/p>\n\n\n\n<p><\/p>\n","protected":false},"excerpt":{"rendered":"<p>Dimanche 7 juin 2020&nbsp;\ud83c\udf3a \ud83c\udf3aF\u00eates des mamans, et oui, c&#8217;est dans moins d&#8217;un mois !&nbsp;\ud83c\udf3c Un large choix de cadeaux pour&#8230;<\/p>\n","protected":false},"author":1,"featured_media":19008,"comment_status":"closed","ping_status":"closed","sticky":false,"template":"","format":"standard","meta":{"_monsterinsights_skip_tracking":false,"_monsterinsights_sitenote_active":false,"_monsterinsights_sitenote_note":"","_monsterinsights_sitenote_category":0,"_jetpack_memberships_contains_paid_content":false,"footnotes":""},"categories":[128,158],"tags":[],"class_list":["post-19006","post","type-post","status-publish","format-standard","has-post-thumbnail","hentry","category-votre-partenaire-pour-vos-cadeaux-dentreprise-a-brest","category-fete-des-meres-a-brest"],"jetpack_featured_media_url":"https:\/\/www.lepicerieduphare.fr\/wp-content\/uploads\/2020\/05\/fetes-de-m\u00e8res-brest.jpg","jetpack_sharing_enabled":true,"_links":{"self":[{"href":"https:\/\/www.lepicerieduphare.fr\/accueil\/wp-json\/wp\/v2\/posts\/19006","targetHints":{"allow":["GET"]}}],"collection":[{"href":"https:\/\/www.lepicerieduphare.fr\/accueil\/wp-json\/wp\/v2\/posts"}],"about":[{"href":"https:\/\/www.lepicerieduphare.fr\/accueil\/wp-json\/wp\/v2\/types\/post"}],"author":[{"embeddable":true,"href":"https:\/\/www.lepicerieduphare.fr\/accueil\/wp-json\/wp\/v2\/users\/1"}],"replies":[{"embeddable":true,"href":"https:\/\/www.lepicerieduphare.fr\/accueil\/wp-json\/wp\/v2\/comments?post=19006"}],"version-history":[{"count":2,"href":"https:\/\/www.lepicerieduphare.fr\/accueil\/wp-json\/wp\/v2\/posts\/19006\/revisions"}],"predecessor-version":[{"id":19009,"href":"https:\/\/www.lepicerieduphare.fr\/accueil\/wp-json\/wp\/v2\/posts\/19006\/revisions\/19009"}],"wp:featuredmedia":[{"embeddable":true,"href":"https:\/\/www.lepicerieduphare.fr\/accueil\/wp-json\/wp\/v2\/media\/19008"}],"wp:attachment":[{"href":"https:\/\/www.lepicerieduphare.fr\/accueil\/wp-json\/wp\/v2\/media?parent=19006"}],"wp:term":[{"taxonomy":"category","embeddable":true,"href":"https:\/\/www.lepicerieduphare.fr\/accueil\/wp-json\/wp\/v2\/categories?post=19006"},{"taxonomy":"post_tag","embeddable":true,"href":"https:\/\/www.lepicerieduphare.fr\/accueil\/wp-json\/wp\/v2\/tags?post=19006"}],"curies":[{"name":"wp","href":"https:\/\/api.w.org\/{rel}","templated":true}]}}