{"id":18987,"date":"2020-05-16T15:34:54","date_gmt":"2020-05-16T13:34:54","guid":{"rendered":"https:\/\/www.lepicerieduphare.fr\/?p=18987"},"modified":"2020-05-16T15:39:51","modified_gmt":"2020-05-16T13:39:51","slug":"cadeaux-fete-des-meres-a-brest","status":"publish","type":"post","link":"https:\/\/www.lepicerieduphare.fr\/accueil\/cadeaux-fete-des-meres-a-brest\/","title":{"rendered":"Cadeaux F\u00eate des M\u00e8res  \u00e0 Brest"},"content":{"rendered":"\n<p class=\"has-pale-pink-color has-text-color\">Le Comptoir de Mathilde Brest vous attend pour le premier temps fort incontournable de cette reprise\u00a0: <\/p>\n\n\n\n<h2 class=\"has-pale-pink-color has-text-color wp-block-heading\">La f\u00eate des m\u00e8res (le 7 juin).<\/h2>\n\n\n\n<p>Cette ann\u00e9e plus particuli\u00e8rement ne manqu\u00e9 pas de choyer votre maman pour lui dire merci, pour la r\u00e9conforter faute de la serrer dans leurs bras ou tout simplement pour lui t\u00e9moigner ce qu\u2019ils ressentent. <\/p>\n\n\n\n<p>Nous vous proposons une offre large s\u2019adaptant \u00e0 toutes les mamans Brestoises&nbsp;: maman&nbsp;gourmande, maman adopte une vie saine avec la gamme superfood, maman reprend le travail, maman a besoin d\u2019un ap\u00e9ro&nbsp;apr\u00e8s une journ\u00e9e d\u2019\u00e9cole \u00e0 la maison&#8230;<\/p>\n\n\n\n<figure class=\"wp-block-image size-large\"><img fetchpriority=\"high\" decoding=\"async\" width=\"600\" height=\"217\" src=\"https:\/\/www.lepicerieduphare.fr\/wp-content\/uploads\/2020\/05\/cadeau-brest-f\u00eatre-des-m\u00e8res.jpg\" alt=\"\" class=\"wp-image-18989\" srcset=\"https:\/\/www.lepicerieduphare.fr\/wp-content\/uploads\/2020\/05\/cadeau-brest-f\u00eatre-des-m\u00e8res.jpg 600w, https:\/\/www.lepicerieduphare.fr\/wp-content\/uploads\/2020\/05\/cadeau-brest-f\u00eatre-des-m\u00e8res-300x109.jpg 300w, https:\/\/www.lepicerieduphare.fr\/wp-content\/uploads\/2020\/05\/cadeau-brest-f\u00eatre-des-m\u00e8res-400x145.jpg 400w\" sizes=\"(max-width: 600px) 100vw, 600px\" \/><\/figure>\n\n\n\n<p>Et bient\u00f4t la F\u00eate des P\u00e8re et les cadeaux Ma\u00eetresse de fin d&#8217;ann\u00e9e scolaire !<\/p>\n","protected":false},"excerpt":{"rendered":"<p>Le Comptoir de Mathilde Brest vous attend pour le premier temps fort incontournable de cette reprise\u00a0: La f\u00eate des m\u00e8res (le&#8230;<\/p>\n","protected":false},"author":1,"featured_media":18988,"comment_status":"closed","ping_status":"closed","sticky":false,"template":"","format":"standard","meta":{"_monsterinsights_skip_tracking":false,"_monsterinsights_sitenote_active":false,"_monsterinsights_sitenote_note":"","_monsterinsights_sitenote_category":0,"_jetpack_memberships_contains_paid_content":false,"footnotes":""},"categories":[156,129,128,158],"tags":[],"class_list":["post-18987","post","type-post","status-publish","format-standard","has-post-thumbnail","hentry","category-apero-a-brest","category-cadeaux-chocolat-brest","category-votre-partenaire-pour-vos-cadeaux-dentreprise-a-brest","category-fete-des-meres-a-brest"],"jetpack_featured_media_url":"https:\/\/www.lepicerieduphare.fr\/wp-content\/uploads\/2020\/05\/fdm.jpg","jetpack_sharing_enabled":true,"_links":{"self":[{"href":"https:\/\/www.lepicerieduphare.fr\/accueil\/wp-json\/wp\/v2\/posts\/18987","targetHints":{"allow":["GET"]}}],"collection":[{"href":"https:\/\/www.lepicerieduphare.fr\/accueil\/wp-json\/wp\/v2\/posts"}],"about":[{"href":"https:\/\/www.lepicerieduphare.fr\/accueil\/wp-json\/wp\/v2\/types\/post"}],"author":[{"embeddable":true,"href":"https:\/\/www.lepicerieduphare.fr\/accueil\/wp-json\/wp\/v2\/users\/1"}],"replies":[{"embeddable":true,"href":"https:\/\/www.lepicerieduphare.fr\/accueil\/wp-json\/wp\/v2\/comments?post=18987"}],"version-history":[{"count":3,"href":"https:\/\/www.lepicerieduphare.fr\/accueil\/wp-json\/wp\/v2\/posts\/18987\/revisions"}],"predecessor-version":[{"id":18992,"href":"https:\/\/www.lepicerieduphare.fr\/accueil\/wp-json\/wp\/v2\/posts\/18987\/revisions\/18992"}],"wp:featuredmedia":[{"embeddable":true,"href":"https:\/\/www.lepicerieduphare.fr\/accueil\/wp-json\/wp\/v2\/media\/18988"}],"wp:attachment":[{"href":"https:\/\/www.lepicerieduphare.fr\/accueil\/wp-json\/wp\/v2\/media?parent=18987"}],"wp:term":[{"taxonomy":"category","embeddable":true,"href":"https:\/\/www.lepicerieduphare.fr\/accueil\/wp-json\/wp\/v2\/categories?post=18987"},{"taxonomy":"post_tag","embeddable":true,"href":"https:\/\/www.lepicerieduphare.fr\/accueil\/wp-json\/wp\/v2\/tags?post=18987"}],"curies":[{"name":"wp","href":"https:\/\/api.w.org\/{rel}","templated":true}]}}