{"id":18637,"date":"2020-04-20T17:37:49","date_gmt":"2020-04-20T15:37:49","guid":{"rendered":"https:\/\/www.lepicerieduphare.fr\/?p=18637"},"modified":"2020-04-20T17:42:26","modified_gmt":"2020-04-20T15:42:26","slug":"promotion-10-sur-votre-apero-a-brest","status":"publish","type":"post","link":"https:\/\/www.lepicerieduphare.fr\/accueil\/promotion-10-sur-votre-apero-a-brest\/","title":{"rendered":"Promotion -10% sur votre ap\u00e9ro \u00e0 Brest"},"content":{"rendered":"\n<p>Les beaux jours arrivent , c&#8217;est l&#8217;heure de l&#8217;ap\u00e9ritif \u00e0 Brest.<\/p>\n\n\n\n<p>Restez confin\u00e9s, Le Comptoir de Mathilde Brest vous propose une<br>LIVRAISON \u00c0 DOMICILE* DE VOTRE COMMANDE (MINI 30\u20ac)<br>Commande et paiement CB uniquement sur ce site*<\/p>\n\n\n\n<p>Aidez-nous et profitez d\u2019une<br>REMISE* DE 10% SUR LE SITE !<br>Code promo \u00e0 saisir lors du paiement :<br>AVRIL10<\/p>\n\n\n\n<figure class=\"wp-block-image size-large\"><img fetchpriority=\"high\" decoding=\"async\" width=\"1024\" height=\"1024\" src=\"https:\/\/www.lepicerieduphare.fr\/wp-content\/uploads\/2020\/04\/Visuel_reseaux_sociaux_apero3-1-1024x1024.jpg\" alt=\"\" class=\"wp-image-18640\" srcset=\"https:\/\/www.lepicerieduphare.fr\/wp-content\/uploads\/2020\/04\/Visuel_reseaux_sociaux_apero3-1-1024x1024.jpg 1024w, https:\/\/www.lepicerieduphare.fr\/wp-content\/uploads\/2020\/04\/Visuel_reseaux_sociaux_apero3-1-300x300.jpg 300w, https:\/\/www.lepicerieduphare.fr\/wp-content\/uploads\/2020\/04\/Visuel_reseaux_sociaux_apero3-1-100x100.jpg 100w, https:\/\/www.lepicerieduphare.fr\/wp-content\/uploads\/2020\/04\/Visuel_reseaux_sociaux_apero3-1-600x600.jpg 600w, https:\/\/www.lepicerieduphare.fr\/wp-content\/uploads\/2020\/04\/Visuel_reseaux_sociaux_apero3-1-150x150.jpg 150w, https:\/\/www.lepicerieduphare.fr\/wp-content\/uploads\/2020\/04\/Visuel_reseaux_sociaux_apero3-1-768x768.jpg 768w, https:\/\/www.lepicerieduphare.fr\/wp-content\/uploads\/2020\/04\/Visuel_reseaux_sociaux_apero3-1.jpg 1080w\" sizes=\"(max-width: 1024px) 100vw, 1024px\" \/><\/figure>\n\n\n\n<p>Nous avons besoin de vous ! Merci d\u2019avance !<\/p>\n\n\n\n<p>*livraison \u00e0 domicile sur rendez-vous (Appel t\u00e9l\u00e9phonique sous 24h pour prise de RDV et livraison sous 72h) jusqu\u2019\u00e0 25\/30 km autour de Brest (Le colis sera d\u00e9pos\u00e9 devant votre porte pour \u00e9viter tout contact physique), valable pour une commande d\u2019un minimum de 30\u20ac (apr\u00e8s remise).<\/p>\n\n\n\n<figure class=\"wp-block-image size-large\"><img decoding=\"async\" width=\"1024\" height=\"1024\" src=\"https:\/\/www.lepicerieduphare.fr\/wp-content\/uploads\/2020\/04\/Visuel_reseaux_sociaux_apero1-1024x1024.jpg\" alt=\"\" class=\"wp-image-18641\" srcset=\"https:\/\/www.lepicerieduphare.fr\/wp-content\/uploads\/2020\/04\/Visuel_reseaux_sociaux_apero1-1024x1024.jpg 1024w, https:\/\/www.lepicerieduphare.fr\/wp-content\/uploads\/2020\/04\/Visuel_reseaux_sociaux_apero1-300x300.jpg 300w, https:\/\/www.lepicerieduphare.fr\/wp-content\/uploads\/2020\/04\/Visuel_reseaux_sociaux_apero1-100x100.jpg 100w, https:\/\/www.lepicerieduphare.fr\/wp-content\/uploads\/2020\/04\/Visuel_reseaux_sociaux_apero1-600x600.jpg 600w, https:\/\/www.lepicerieduphare.fr\/wp-content\/uploads\/2020\/04\/Visuel_reseaux_sociaux_apero1-150x150.jpg 150w, https:\/\/www.lepicerieduphare.fr\/wp-content\/uploads\/2020\/04\/Visuel_reseaux_sociaux_apero1-768x768.jpg 768w, https:\/\/www.lepicerieduphare.fr\/wp-content\/uploads\/2020\/04\/Visuel_reseaux_sociaux_apero1.jpg 1080w\" sizes=\"(max-width: 1024px) 100vw, 1024px\" \/><\/figure>\n\n\n\n<p>Le Comptoir de Mathilde Brest se r\u00e9serve le droit d\u2019annuler toute commande si les conditions sanitaires de livraisons ne sont pas optimales.<\/p>\n\n\n\n<p>*remise hors promotion en cours et dans la limite d\u00e8s stock disponible.<\/p>\n\n\n\n<p>*Paiement CB s\u00e9curis\u00e9 Paypal sur ce site, pas de paiement esp\u00e8ces ou ch\u00e8que pour des questions sanitaires (merci de votre compr\u00e9hension).<\/p>\n","protected":false},"excerpt":{"rendered":"<p>Les beaux jours arrivent , c&#8217;est l&#8217;heure de l&#8217;ap\u00e9ritif \u00e0 Brest. Restez confin\u00e9s, Le Comptoir de Mathilde Brest vous propose uneLIVRAISON&#8230;<\/p>\n","protected":false},"author":1,"featured_media":18638,"comment_status":"closed","ping_status":"closed","sticky":false,"template":"","format":"standard","meta":{"_monsterinsights_skip_tracking":false,"_monsterinsights_sitenote_active":false,"_monsterinsights_sitenote_note":"","_monsterinsights_sitenote_category":0,"_jetpack_memberships_contains_paid_content":false,"footnotes":""},"categories":[156,128,109],"tags":[],"class_list":["post-18637","post","type-post","status-publish","format-standard","has-post-thumbnail","hentry","category-apero-a-brest","category-votre-partenaire-pour-vos-cadeaux-dentreprise-a-brest","category-les-news-du-comptoir-de-mathilde-brest"],"jetpack_featured_media_url":"https:\/\/www.lepicerieduphare.fr\/wp-content\/uploads\/2020\/04\/Visuel_reseaux_sociaux_apero3.jpg","jetpack_sharing_enabled":true,"_links":{"self":[{"href":"https:\/\/www.lepicerieduphare.fr\/accueil\/wp-json\/wp\/v2\/posts\/18637","targetHints":{"allow":["GET"]}}],"collection":[{"href":"https:\/\/www.lepicerieduphare.fr\/accueil\/wp-json\/wp\/v2\/posts"}],"about":[{"href":"https:\/\/www.lepicerieduphare.fr\/accueil\/wp-json\/wp\/v2\/types\/post"}],"author":[{"embeddable":true,"href":"https:\/\/www.lepicerieduphare.fr\/accueil\/wp-json\/wp\/v2\/users\/1"}],"replies":[{"embeddable":true,"href":"https:\/\/www.lepicerieduphare.fr\/accueil\/wp-json\/wp\/v2\/comments?post=18637"}],"version-history":[{"count":1,"href":"https:\/\/www.lepicerieduphare.fr\/accueil\/wp-json\/wp\/v2\/posts\/18637\/revisions"}],"predecessor-version":[{"id":18643,"href":"https:\/\/www.lepicerieduphare.fr\/accueil\/wp-json\/wp\/v2\/posts\/18637\/revisions\/18643"}],"wp:featuredmedia":[{"embeddable":true,"href":"https:\/\/www.lepicerieduphare.fr\/accueil\/wp-json\/wp\/v2\/media\/18638"}],"wp:attachment":[{"href":"https:\/\/www.lepicerieduphare.fr\/accueil\/wp-json\/wp\/v2\/media?parent=18637"}],"wp:term":[{"taxonomy":"category","embeddable":true,"href":"https:\/\/www.lepicerieduphare.fr\/accueil\/wp-json\/wp\/v2\/categories?post=18637"},{"taxonomy":"post_tag","embeddable":true,"href":"https:\/\/www.lepicerieduphare.fr\/accueil\/wp-json\/wp\/v2\/tags?post=18637"}],"curies":[{"name":"wp","href":"https:\/\/api.w.org\/{rel}","templated":true}]}}