{"id":14979,"date":"2020-01-19T17:38:06","date_gmt":"2020-01-19T16:38:06","guid":{"rendered":"https:\/\/www.lepicerieduphare.fr\/?p=14979"},"modified":"2020-01-19T18:42:32","modified_gmt":"2020-01-19T17:42:32","slug":"le-comptoir-de-mathilde-brest-sur-tebeo","status":"publish","type":"post","link":"https:\/\/www.lepicerieduphare.fr\/accueil\/le-comptoir-de-mathilde-brest-sur-tebeo\/","title":{"rendered":"Le Comptoir De Mathilde Brest sur T\u00e9b\u00e9o"},"content":{"rendered":"\r\n<h2 class=\"wp-block-heading\">La Galerie Le Phare de l&#8217;Europe est partenaire du BBH.<\/h2>\r\n\r\n\r\n\r\n<h3 class=\"wp-block-heading\">Retrouvez notre clip sur l&#8217;\u00e9cran g\u00e9ant lors des matchs Brestois \u00e0 l&#8217;Arena est \u00e0 la t\u00e9l\u00e9vision sur <a href=\"https:\/\/www.tebeo.bzh\/replay\/575-handball-feminin-bbh-chambray\/10630306\" target=\"_blank\" rel=\"noopener\">T\u00e9b\u00e9o<\/a> lors de la diffusion en direct.<\/h3>\r\n\r\n\r\n\r\n<figure class=\"wp-block-image\">\r\n<figure id=\"attachment_14987\" aria-describedby=\"caption-attachment-14987\" style=\"width: 600px\" class=\"wp-caption alignnone\"><img fetchpriority=\"high\" decoding=\"async\" class=\"wp-image-14987\" title=\"T\u00e9b\u00e9o Brest le comptoir de mathilde BBH\" src=\"https:\/\/www.lepicerieduphare.fr\/wp-content\/uploads\/2020\/01\/bbh-le-comptoire-de-mathilde-t\u00e9b\u00e9o.png\" alt=\"BBH t\u00e9b\u00e9o le comptoir de Mathilde\" width=\"600\" height=\"500\" srcset=\"https:\/\/www.lepicerieduphare.fr\/wp-content\/uploads\/2020\/01\/bbh-le-comptoire-de-mathilde-t\u00e9b\u00e9o.png 600w, https:\/\/www.lepicerieduphare.fr\/wp-content\/uploads\/2020\/01\/bbh-le-comptoire-de-mathilde-t\u00e9b\u00e9o-300x250.png 300w, https:\/\/www.lepicerieduphare.fr\/wp-content\/uploads\/2020\/01\/bbh-le-comptoire-de-mathilde-t\u00e9b\u00e9o-400x333.png 400w, https:\/\/www.lepicerieduphare.fr\/wp-content\/uploads\/2020\/01\/bbh-le-comptoire-de-mathilde-t\u00e9b\u00e9o-200x167.png 200w\" sizes=\"(max-width: 600px) 100vw, 600px\" \/><figcaption id=\"caption-attachment-14987\" class=\"wp-caption-text\">T\u00e9b\u00e9o Brest le comptoir de mathilde BBH<\/figcaption><\/figure>\r\n<figcaption>partenaire BBH<\/figcaption>\r\n<\/figure>\r\n\r\n\r\n\r\n<p>Le Comptoir De Mathilde est votre partenaire pour vos cadeaux clients, remise de prix, on s&#8217;occupe de tout ! <a href=\"https:\/\/www.lepicerieduphare.fr\/produit\/chocolat-brest-idee-cadeaux\/coffret-brest-of\/\">Coffrets cadeaux<\/a> chocolats et \u00e9picerie fine s\u00fbr-mesure et livraison possible sur Brest, Gouesnou, Guipavas, Guilers, Le Relecq-Kerhuon, Plougastel.<\/p>\r\n","protected":false},"excerpt":{"rendered":"<p>La Galerie Le Phare de l&#8217;Europe est partenaire du BBH. Retrouvez notre clip sur l&#8217;\u00e9cran g\u00e9ant lors des matchs Brestois \u00e0&#8230;<\/p>\n","protected":false},"author":1,"featured_media":14987,"comment_status":"closed","ping_status":"closed","sticky":false,"template":"","format":"video","meta":{"_monsterinsights_skip_tracking":false,"_monsterinsights_sitenote_active":false,"_monsterinsights_sitenote_note":"","_monsterinsights_sitenote_category":0,"_jetpack_memberships_contains_paid_content":false,"footnotes":""},"categories":[128],"tags":[],"class_list":["post-14979","post","type-post","status-publish","format-video","has-post-thumbnail","hentry","category-votre-partenaire-pour-vos-cadeaux-dentreprise-a-brest","post_format-post-format-video"],"jetpack_featured_media_url":"https:\/\/www.lepicerieduphare.fr\/wp-content\/uploads\/2020\/01\/bbh-le-comptoire-de-mathilde-t\u00e9b\u00e9o.png","jetpack_sharing_enabled":true,"_links":{"self":[{"href":"https:\/\/www.lepicerieduphare.fr\/accueil\/wp-json\/wp\/v2\/posts\/14979","targetHints":{"allow":["GET"]}}],"collection":[{"href":"https:\/\/www.lepicerieduphare.fr\/accueil\/wp-json\/wp\/v2\/posts"}],"about":[{"href":"https:\/\/www.lepicerieduphare.fr\/accueil\/wp-json\/wp\/v2\/types\/post"}],"author":[{"embeddable":true,"href":"https:\/\/www.lepicerieduphare.fr\/accueil\/wp-json\/wp\/v2\/users\/1"}],"replies":[{"embeddable":true,"href":"https:\/\/www.lepicerieduphare.fr\/accueil\/wp-json\/wp\/v2\/comments?post=14979"}],"version-history":[{"count":12,"href":"https:\/\/www.lepicerieduphare.fr\/accueil\/wp-json\/wp\/v2\/posts\/14979\/revisions"}],"predecessor-version":[{"id":14998,"href":"https:\/\/www.lepicerieduphare.fr\/accueil\/wp-json\/wp\/v2\/posts\/14979\/revisions\/14998"}],"wp:featuredmedia":[{"embeddable":true,"href":"https:\/\/www.lepicerieduphare.fr\/accueil\/wp-json\/wp\/v2\/media\/14987"}],"wp:attachment":[{"href":"https:\/\/www.lepicerieduphare.fr\/accueil\/wp-json\/wp\/v2\/media?parent=14979"}],"wp:term":[{"taxonomy":"category","embeddable":true,"href":"https:\/\/www.lepicerieduphare.fr\/accueil\/wp-json\/wp\/v2\/categories?post=14979"},{"taxonomy":"post_tag","embeddable":true,"href":"https:\/\/www.lepicerieduphare.fr\/accueil\/wp-json\/wp\/v2\/tags?post=14979"}],"curies":[{"name":"wp","href":"https:\/\/api.w.org\/{rel}","templated":true}]}}